{"id":83175,"date":"2025-08-05T09:47:00","date_gmt":"2025-08-05T15:47:00","guid":{"rendered":"https:\/\/zonaroja.com.mx\/?p=83175"},"modified":"2025-08-05T06:48:22","modified_gmt":"2025-08-05T12:48:22","slug":"cumple-claudia-sheinbaum-con-la-salud-de-los-oaxaquenos-senador","status":"publish","type":"post","link":"https:\/\/zonaroja.com.mx\/?p=83175","title":{"rendered":"Cumple Claudia Sheinbaum con la salud de los oaxaque\u00f1os: senador"},"content":{"rendered":"\n<p>Redacci\u00f3n\/Zona Roja.<\/p>\n\n\n\n<p>Oaxaca, Oax., a 5 de agosto de 2025.- La inauguraci\u00f3n de la primera etapa del Hospital de Tuxtepec es un claro ejemplo de que, en los tiempos de la Cuarta Transformaci\u00f3n, los recursos p\u00fablicos deben servir para garantizar el bienestar de la gente y no para los privilegios de un peque\u00f1o grupo, asegur\u00f3 el senador Antonino Morales Toledo.&nbsp;<\/p>\n\n\n\n<p>Tras reconocer los apoyos federales para hacer realidad el Hospital de Tuxtepec, inaugurado ayer en su primera etapa por el gobernador Salom\u00f3n Jara y la presidenta Claudia Sheinbaum v\u00eda remota, el legislador zapoteco resalt\u00f3 que el nosocomio se construy\u00f3 en un tiempo r\u00e9cord de 20 meses con los recursos de la venta obtenidos de la venta del avi\u00f3n presidencial.<\/p>\n\n\n\n<p>Afirm\u00f3 que la obra es un logro para las y los oaxaque\u00f1os que estuvieron olvidados por a\u00f1os, al contar hoy con un nosocomio equipado con los aparatos m\u00e1s modernos de la zona.<\/p>\n\n\n\n<p>\u201cLa Cuarta Transformaci\u00f3n est\u00e1 colocando a las personas en el centro de la pol\u00edtica p\u00fablica. El avi\u00f3n para que Pe\u00f1a Nieto viajara con todos los lujos era una ofensa en un pa\u00eds con una profunda brecha de desigualdad\u201d, dijo.<\/p>\n\n\n\n<p>Resalt\u00f3 que el Hospital General de Tuxtepec fue una decisi\u00f3n del licenciado Andr\u00e9s Manuel L\u00f3pez Obrador y hoy un compromiso cumplido de la presidenta Claudia Sheinbaum, que va a beneficiar a un mill\u00f3n 200 mil personas de 109 municipios de Oaxaca y Veracruz, de la Cuenca del Papaloapan, una zona olvidad por los gobiernos pasados.<\/p>\n\n\n\n<p>Morales Toledo hizo un reconocimiento a la determinaci\u00f3n del gobernador Salom\u00f3n Jara para revertir el desastre en que los gobiernos del pasado dejaron al sector salud.<\/p>\n\n\n\n<p>\u201cSe va a construir la Ciudad de la Salud en San Lorenzo Cacaotepec, con una inversi\u00f3n conjunta, y que contar\u00e1 con un nosocomio de tercer nivel del IMSS-Bienestar y uno de especialidad del ISSSTE\u201d.<\/p>\n\n\n\n<p>Mencion\u00f3 que, desde la entrada en funcionamiento del programa estatal \u201cFarmacias Bienestar\u201d, m\u00e1s de 100 mil personas han sido beneficiadas con atenci\u00f3n m\u00e9dica y medicinas de manera gratuita<\/p>\n\n\n\n<p>\u201cPor instrucciones del gobernador se invirtieron 593 millones de pesos en la construcci\u00f3n, remodelaci\u00f3n, mantenimiento, equipamiento y rescate de las unidades m\u00e9dicas en las 8 regiones del estado\u201d.&nbsp;<\/p>\n\n\n\n<p>Coment\u00f3 que la presidenta Claudia Sheinbaum Pardo dio a conocer que iniciar\u00e1 en los pr\u00f3ximos meses una reingenier\u00eda del sistema hospitalario de Oaxaca y para ello se tendr\u00e1 una inversi\u00f3n de tres mil millones pesos.<\/p>\n\n\n\n<p>\u201cLos desaf\u00edos para revertir 70 a\u00f1os de abandono y corrupci\u00f3n del sector salud y garantizar este de derecho a las y los oaxaque\u00f1os son grandes, pero nuestro gobernador y la presidenta trabajan coordinadamente para lograrlo y desde el Senado y desde el territorio los apoyaremos\u201d, finaliz\u00f3 el senador Antonino Morales.<\/p>\n","protected":false},"excerpt":{"rendered":"<p>Redacci\u00f3n\/Zona Roja. Oaxaca, Oax., a 5 de agosto de 2025.- La inauguraci\u00f3n de la primera&hellip;<\/p>\n","protected":false},"author":2,"featured_media":78595,"comment_status":"closed","ping_status":"open","sticky":false,"template":"","format":"standard","meta":{"_lmt_disableupdate":"","_lmt_disable":"","_jetpack_memberships_contains_paid_content":false,"footnotes":""},"categories":[109,46],"tags":[180],"class_list":["post-83175","post","type-post","status-publish","format-standard","has-post-thumbnail","hentry","category-minuto-a-minuto","category-zona-blanca","tag-antonino-morales-toledo"],"jetpack_featured_media_url":"https:\/\/zonaroja.com.mx\/wp-content\/uploads\/2025\/03\/Antonino-Morales-1.jpg","jetpack_sharing_enabled":true,"_links":{"self":[{"href":"https:\/\/zonaroja.com.mx\/index.php?rest_route=\/wp\/v2\/posts\/83175","targetHints":{"allow":["GET"]}}],"collection":[{"href":"https:\/\/zonaroja.com.mx\/index.php?rest_route=\/wp\/v2\/posts"}],"about":[{"href":"https:\/\/zonaroja.com.mx\/index.php?rest_route=\/wp\/v2\/types\/post"}],"author":[{"embeddable":true,"href":"https:\/\/zonaroja.com.mx\/index.php?rest_route=\/wp\/v2\/users\/2"}],"replies":[{"embeddable":true,"href":"https:\/\/zonaroja.com.mx\/index.php?rest_route=%2Fwp%2Fv2%2Fcomments&post=83175"}],"version-history":[{"count":1,"href":"https:\/\/zonaroja.com.mx\/index.php?rest_route=\/wp\/v2\/posts\/83175\/revisions"}],"predecessor-version":[{"id":83176,"href":"https:\/\/zonaroja.com.mx\/index.php?rest_route=\/wp\/v2\/posts\/83175\/revisions\/83176"}],"wp:featuredmedia":[{"embeddable":true,"href":"https:\/\/zonaroja.com.mx\/index.php?rest_route=\/wp\/v2\/media\/78595"}],"wp:attachment":[{"href":"https:\/\/zonaroja.com.mx\/index.php?rest_route=%2Fwp%2Fv2%2Fmedia&parent=83175"}],"wp:term":[{"taxonomy":"category","embeddable":true,"href":"https:\/\/zonaroja.com.mx\/index.php?rest_route=%2Fwp%2Fv2%2Fcategories&post=83175"},{"taxonomy":"post_tag","embeddable":true,"href":"https:\/\/zonaroja.com.mx\/index.php?rest_route=%2Fwp%2Fv2%2Ftags&post=83175"}],"curies":[{"name":"wp","href":"https:\/\/api.w.org\/{rel}","templated":true}]}}