{"id":83179,"date":"2025-08-05T11:50:00","date_gmt":"2025-08-05T17:50:00","guid":{"rendered":"https:\/\/zonaroja.com.mx\/?p=83179"},"modified":"2025-08-05T07:24:26","modified_gmt":"2025-08-05T13:24:26","slug":"colapsado-historico-palacio-municipal-de-la-ciudad-de-oaxaca","status":"publish","type":"post","link":"https:\/\/zonaroja.com.mx\/?p=83179","title":{"rendered":"Colapsado, hist\u00f3rico palacio municipal de la ciudad de Oaxaca"},"content":{"rendered":"\n<p>Raymundo Morales\/Zona Roja.<\/p>\n\n\n\n<p>Oaxaca, Oax., a 5 de agosto de 2025.- El palacio municipal de la ciudad de Oaxaca es un inmueble colonial que destaca por su belleza y forma parte de un conjunto patrimonial, rodeado por la Plaza de la Danza, el ex convento de San Jos\u00e9 y el templo de La Soledad.<\/p>\n\n\n\n<p>Sin embargo, en su interior, la sede del ayuntamiento presenta una serie de fallas e irregularidades, que la mantienen a punto del colapso.<\/p>\n\n\n\n<p>Tiene oficinas y personal hasta en los pasillos y los corredores y pese a ello, realizar alg\u00fan tr\u00e1mite lleva horas; hay mobiliario viejo y sin mantenimiento, sanitarios que sirven a medias.<\/p>\n\n\n\n<p>&nbsp;El antiguo convento de las monjas Recoletas Agustinas o Hijas de Santa M\u00f3nica, construido en la d\u00e9cada de 1690, alberga desde 1992 la sede al ayuntamiento de la capital.<\/p>\n\n\n\n<p>Pero antes de ello fue el Hospicio de la Vega, Escuelas de Artes y Oficios, Escuela Industrial Militar, Escuela Normal Mixta Federalizada, sede de la Junta Local de Conciliaci\u00f3n y Arbitraje, la Procuradur\u00eda General del Estado y el Registro Civil.<\/p>\n\n\n\n<p>De acuerdo con un diagn\u00f3stico de la autoridad municipal, el edificio hist\u00f3rico requiere una rehabilitaci\u00f3n mayor, pero est\u00e1 limitada al costo de inversi\u00f3n y al cuidado del patrimonio hist\u00f3rico.<\/p>\n\n\n\n<p>Ello sin dejar de lado que su uso para fines administrativos no es el mejor, ni para los cientos de trabajadores mucho menos para los ciudadanos que acudimos a la sede del Gobierno Municipal.<\/p>\n\n\n\n<p>Frecuentemente los usuarios de los servicios y contribuyentes se quejan de falta de estacionamiento en la zona aleda\u00f1a al palacio municipal y es pr\u00e1cticamente inviable ya acudir a realizar tr\u00e1mites en ese sitio hist\u00f3rico.<\/p>\n\n\n\n<p>Seg\u00fan los capitalinos, la actual administraci\u00f3n municipal debe atender esta problem\u00e1tica, para bien de los ciudadanos y del patrimonio hist\u00f3rico, pero sobre todo para dejar claro que quieren iniciar una verdadera transformaci\u00f3n, de fondo, tangible y eso comienza desde modernizar los espacios de atenci\u00f3n al p\u00fablico.<\/p>\n\n\n\n<p>Recientemente, el presidente municipal de Oaxaca de Ju\u00e1rez, Raymundo Chagoya, detall\u00f3 el colapso del inmueble como oficinas p\u00fablicas, adem\u00e1s de la urgente necesidad de emprender una rehabilitaci\u00f3n del inmueble.<\/p>\n\n\n\n<p>Incluso, habl\u00f3 del proyecto de construir una ciudad administrativa municipal, por lo cual ha llamado a todos los sectores sociales y a los integrantes del Cabildo a suma esfuerzos para emprender dicha iniciativa.<\/p>\n","protected":false},"excerpt":{"rendered":"<p>Raymundo Morales\/Zona Roja. Oaxaca, Oax., a 5 de agosto de 2025.- El palacio municipal de&hellip;<\/p>\n","protected":false},"author":2,"featured_media":83180,"comment_status":"closed","ping_status":"open","sticky":false,"template":"","format":"standard","meta":{"_lmt_disableupdate":"","_lmt_disable":"","_jetpack_memberships_contains_paid_content":false,"footnotes":""},"categories":[109,47],"tags":[148],"class_list":["post-83179","post","type-post","status-publish","format-standard","has-post-thumbnail","hentry","category-minuto-a-minuto","category-zona-gris","tag-oaxaca-de-juarez"],"jetpack_featured_media_url":"https:\/\/zonaroja.com.mx\/wp-content\/uploads\/2025\/08\/Palacio-municipal-ciudad-de-Oaxaca-danos.jpg","jetpack_sharing_enabled":true,"_links":{"self":[{"href":"https:\/\/zonaroja.com.mx\/index.php?rest_route=\/wp\/v2\/posts\/83179","targetHints":{"allow":["GET"]}}],"collection":[{"href":"https:\/\/zonaroja.com.mx\/index.php?rest_route=\/wp\/v2\/posts"}],"about":[{"href":"https:\/\/zonaroja.com.mx\/index.php?rest_route=\/wp\/v2\/types\/post"}],"author":[{"embeddable":true,"href":"https:\/\/zonaroja.com.mx\/index.php?rest_route=\/wp\/v2\/users\/2"}],"replies":[{"embeddable":true,"href":"https:\/\/zonaroja.com.mx\/index.php?rest_route=%2Fwp%2Fv2%2Fcomments&post=83179"}],"version-history":[{"count":1,"href":"https:\/\/zonaroja.com.mx\/index.php?rest_route=\/wp\/v2\/posts\/83179\/revisions"}],"predecessor-version":[{"id":83181,"href":"https:\/\/zonaroja.com.mx\/index.php?rest_route=\/wp\/v2\/posts\/83179\/revisions\/83181"}],"wp:featuredmedia":[{"embeddable":true,"href":"https:\/\/zonaroja.com.mx\/index.php?rest_route=\/wp\/v2\/media\/83180"}],"wp:attachment":[{"href":"https:\/\/zonaroja.com.mx\/index.php?rest_route=%2Fwp%2Fv2%2Fmedia&parent=83179"}],"wp:term":[{"taxonomy":"category","embeddable":true,"href":"https:\/\/zonaroja.com.mx\/index.php?rest_route=%2Fwp%2Fv2%2Fcategories&post=83179"},{"taxonomy":"post_tag","embeddable":true,"href":"https:\/\/zonaroja.com.mx\/index.php?rest_route=%2Fwp%2Fv2%2Ftags&post=83179"}],"curies":[{"name":"wp","href":"https:\/\/api.w.org\/{rel}","templated":true}]}}