{"id":83182,"date":"2025-08-05T12:25:00","date_gmt":"2025-08-05T18:25:00","guid":{"rendered":"https:\/\/zonaroja.com.mx\/?p=83182"},"modified":"2025-08-05T07:26:16","modified_gmt":"2025-08-05T13:26:16","slug":"inedito-ahora-el-gobernador-de-puebla-habla-con-su-perro-en-acto-oficial","status":"publish","type":"post","link":"https:\/\/zonaroja.com.mx\/?p=83182","title":{"rendered":"In\u00e9dito: ahora el gobernador de Puebla habla con su perro en acto oficial"},"content":{"rendered":"\n<p>Redacci\u00f3n\/Zona Roja Cdmx.<\/p>\n\n\n\n<p>Ciudad de M\u00e9xico, a 5 de agosto de 2025.- Durante la conferencia matutina de Puebla, el gobernador Alejandro Armenta, present\u00f3 a su perro, Tommy. El mandatario le agradeci\u00f3 por estar all\u00ed y recalc\u00f3 que su mascota es \u00abel nuevo director de Bienestar Animal\u00bb.<\/p>\n\n\n\n<p>Armenta, miembro del partido Morena, mencion\u00f3: \u201cEstamos muy emocionados de que Tommy nos vino a visitar, \u00bfverdad, Tommy?\u201d. Despu\u00e9s, en un video publicado por el mismo gobernador, se escucha una voz simulada que responde a las preguntas, saluda al mandatario, a quien llama \u00abpap\u00e1\u00bb, y le agradece por la invitaci\u00f3n.<\/p>\n\n\n\n<p>El gobernador explic\u00f3 que lleva al can a sus actos oficiales, pues si no lo hace, \u00abse enoja, porque hizo campa\u00f1a conmigo y si ahora que estamos en el Gobierno no lo traemos&#8230;\u00bb. Tambi\u00e9n a\u00f1adi\u00f3 que \u00abgracias a todos, Tommy ya tiene su programa de televisi\u00f3n\u00bb.&nbsp;<\/p>\n\n\n\n<p>Anteriormente, el gobernador de Puebla, Alejandro Armenta, design\u00f3 a su perro Tommy, como director honor\u00edfico de Bienestar Animal en el estado, en una reuni\u00f3n oficial.&nbsp;<\/p>\n\n\n\n<p>(Informaci\u00f3n de \u201cLa Jornada\u201d)<\/p>\n","protected":false},"excerpt":{"rendered":"<p>Redacci\u00f3n\/Zona Roja Cdmx. Ciudad de M\u00e9xico, a 5 de agosto de 2025.- Durante la conferencia&hellip;<\/p>\n","protected":false},"author":2,"featured_media":83166,"comment_status":"closed","ping_status":"open","sticky":false,"template":"","format":"standard","meta":{"_lmt_disableupdate":"","_lmt_disable":"","_jetpack_memberships_contains_paid_content":false,"footnotes":""},"categories":[109,47],"tags":[4273],"class_list":["post-83182","post","type-post","status-publish","format-standard","has-post-thumbnail","hentry","category-minuto-a-minuto","category-zona-gris","tag-alejandro-armenta-mier"],"jetpack_featured_media_url":"https:\/\/zonaroja.com.mx\/wp-content\/uploads\/2025\/08\/Alejandro-Armenta-y-perro.webp","jetpack_sharing_enabled":true,"_links":{"self":[{"href":"https:\/\/zonaroja.com.mx\/index.php?rest_route=\/wp\/v2\/posts\/83182","targetHints":{"allow":["GET"]}}],"collection":[{"href":"https:\/\/zonaroja.com.mx\/index.php?rest_route=\/wp\/v2\/posts"}],"about":[{"href":"https:\/\/zonaroja.com.mx\/index.php?rest_route=\/wp\/v2\/types\/post"}],"author":[{"embeddable":true,"href":"https:\/\/zonaroja.com.mx\/index.php?rest_route=\/wp\/v2\/users\/2"}],"replies":[{"embeddable":true,"href":"https:\/\/zonaroja.com.mx\/index.php?rest_route=%2Fwp%2Fv2%2Fcomments&post=83182"}],"version-history":[{"count":1,"href":"https:\/\/zonaroja.com.mx\/index.php?rest_route=\/wp\/v2\/posts\/83182\/revisions"}],"predecessor-version":[{"id":83183,"href":"https:\/\/zonaroja.com.mx\/index.php?rest_route=\/wp\/v2\/posts\/83182\/revisions\/83183"}],"wp:featuredmedia":[{"embeddable":true,"href":"https:\/\/zonaroja.com.mx\/index.php?rest_route=\/wp\/v2\/media\/83166"}],"wp:attachment":[{"href":"https:\/\/zonaroja.com.mx\/index.php?rest_route=%2Fwp%2Fv2%2Fmedia&parent=83182"}],"wp:term":[{"taxonomy":"category","embeddable":true,"href":"https:\/\/zonaroja.com.mx\/index.php?rest_route=%2Fwp%2Fv2%2Fcategories&post=83182"},{"taxonomy":"post_tag","embeddable":true,"href":"https:\/\/zonaroja.com.mx\/index.php?rest_route=%2Fwp%2Fv2%2Ftags&post=83182"}],"curies":[{"name":"wp","href":"https:\/\/api.w.org\/{rel}","templated":true}]}}