{"id":83184,"date":"2025-08-05T13:26:00","date_gmt":"2025-08-05T19:26:00","guid":{"rendered":"https:\/\/zonaroja.com.mx\/?p=83184"},"modified":"2025-08-05T07:28:54","modified_gmt":"2025-08-05T13:28:54","slug":"violencia-feminicida-cobra-la-vida-de-50-mujeres-en-oaxaca","status":"publish","type":"post","link":"https:\/\/zonaroja.com.mx\/?p=83184","title":{"rendered":"Violencia feminicida cobra la vida de 50 mujeres en Oaxaca"},"content":{"rendered":"\n<p>Lisbeth Mej\u00eda Reyes\/Zona Roja.<\/p>\n\n\n\n<p>Oaxaca, Oax., a 5 de agosto de 2025.- Con Edith, asesinada a balazos el fin de semana, la violencia feminicida ha cobrado la vida de 50 mujeres en Oaxaca hasta este 4 de agosto.&nbsp;<\/p>\n\n\n\n<p>Las regiones de Valles Centrales, Istmo de Tehuantepec y Costa siguen encabezando la lista de las m\u00e1s violentas, de acuerdo con los registros hemerogr\u00e1ficos de los hechos y de los informes del Grupo de Estudios sobre la Mujer Rosario Castellanos (GES Mujer).<\/p>\n\n\n\n<p>Edith fue ultimada en Santa In\u00e9s del Monte, Zaachila, y con su asesinato son tambi\u00e9n 254 las mujeres v\u00edctimas de presuntos feminicidios en lo que va de la administraci\u00f3n estatal del gobernador Salom\u00f3n Jara.<\/p>\n\n\n\n<p>De las 50 muertes violentas de mujeres en los que va del a\u00f1o, 32 (64 por ciento) han sido por impactos de bala, lo que tambi\u00e9n muestra el niveles de crueldad de los presuntos feminicidios.<\/p>\n\n\n\n<p>Hasta hace unos d\u00edas, la asociaci\u00f3n civil Ges Mujer condenaba que mientras la autoridad estatal presum\u00eda de un cierre exitoso de sus celebraciones de Guelaguetza, \u00aben Oaxaca las mujeres no tenemos garantizado el derecho a la vida\u00bb.<\/p>\n\n\n\n<p>En su pronunciamiento, GES Mujer se\u00f1alaba que \u00abla violencia feminicida es nuestra realidad\u00bb, por lo que tambi\u00e9n \u00aburge voluntad pol\u00edtica real para prevenir, atender y sancionar esta grave violaci\u00f3n a los derechos humanos, con enfoque de g\u00e9nero e interculturalidad\u00bb.<\/p>\n\n\n\n<p>LOCALIZADA<\/p>\n\n\n\n<p>En medio del clima de inseguridad que azota a la regi\u00f3n Istmo de Tehuantepec, este lunes se report\u00f3 la desaparici\u00f3n de la joven Sandra Yaretzi Garc\u00eda V\u00e1zquez, en Asunci\u00f3n Ixtaltepec.<\/p>\n\n\n\n<p>Fue la hermana de la joven quien pidi\u00f3 la colaboraci\u00f3n para dar con el paradero de Sandra, especialmente ante el temor de que su vida estuviera en riesgo porque hace dos meses que la familia es v\u00edctima de extorsi\u00f3n por cobro de piso.<\/p>\n\n\n\n<p>Por la tarde, la Fiscal\u00eda General del Estado report\u00f3 la localizaci\u00f3n de la joven de Ixtaltepec, quien logr\u00f3 comunicarse con su familia para confirmar que se encuentra bien. \u00abA partir de la detecci\u00f3n de dicha informaci\u00f3n (video en redes sociales), la Fiscal\u00eda, a trav\u00e9s de la Vicefiscal\u00eda Regional del Istmo de Tehuantepec y la Unidad de B\u00fasqueda de Personas No Localizadas, activaron los protocolos de trabajo de localizaci\u00f3n a pesar de no contar con la denuncia formal\u00bb, report\u00f3 la instituci\u00f3n.<\/p>\n","protected":false},"excerpt":{"rendered":"<p>Lisbeth Mej\u00eda Reyes\/Zona Roja. Oaxaca, Oax., a 5 de agosto de 2025.- Con Edith, asesinada&hellip;<\/p>\n","protected":false},"author":2,"featured_media":68569,"comment_status":"closed","ping_status":"open","sticky":false,"template":"","format":"standard","meta":{"_lmt_disableupdate":"","_lmt_disable":"","_jetpack_memberships_contains_paid_content":false,"footnotes":""},"categories":[109,47],"tags":[1081],"class_list":["post-83184","post","type-post","status-publish","format-standard","has-post-thumbnail","hentry","category-minuto-a-minuto","category-zona-gris","tag-feminicidios-en-oaxaca"],"jetpack_featured_media_url":"https:\/\/zonaroja.com.mx\/wp-content\/uploads\/2024\/05\/Feminicidios-2.jpg.webp","jetpack_sharing_enabled":true,"_links":{"self":[{"href":"https:\/\/zonaroja.com.mx\/index.php?rest_route=\/wp\/v2\/posts\/83184","targetHints":{"allow":["GET"]}}],"collection":[{"href":"https:\/\/zonaroja.com.mx\/index.php?rest_route=\/wp\/v2\/posts"}],"about":[{"href":"https:\/\/zonaroja.com.mx\/index.php?rest_route=\/wp\/v2\/types\/post"}],"author":[{"embeddable":true,"href":"https:\/\/zonaroja.com.mx\/index.php?rest_route=\/wp\/v2\/users\/2"}],"replies":[{"embeddable":true,"href":"https:\/\/zonaroja.com.mx\/index.php?rest_route=%2Fwp%2Fv2%2Fcomments&post=83184"}],"version-history":[{"count":1,"href":"https:\/\/zonaroja.com.mx\/index.php?rest_route=\/wp\/v2\/posts\/83184\/revisions"}],"predecessor-version":[{"id":83185,"href":"https:\/\/zonaroja.com.mx\/index.php?rest_route=\/wp\/v2\/posts\/83184\/revisions\/83185"}],"wp:featuredmedia":[{"embeddable":true,"href":"https:\/\/zonaroja.com.mx\/index.php?rest_route=\/wp\/v2\/media\/68569"}],"wp:attachment":[{"href":"https:\/\/zonaroja.com.mx\/index.php?rest_route=%2Fwp%2Fv2%2Fmedia&parent=83184"}],"wp:term":[{"taxonomy":"category","embeddable":true,"href":"https:\/\/zonaroja.com.mx\/index.php?rest_route=%2Fwp%2Fv2%2Fcategories&post=83184"},{"taxonomy":"post_tag","embeddable":true,"href":"https:\/\/zonaroja.com.mx\/index.php?rest_route=%2Fwp%2Fv2%2Ftags&post=83184"}],"curies":[{"name":"wp","href":"https:\/\/api.w.org\/{rel}","templated":true}]}}