{"id":83186,"date":"2025-08-05T14:29:00","date_gmt":"2025-08-05T20:29:00","guid":{"rendered":"https:\/\/zonaroja.com.mx\/?p=83186"},"modified":"2025-08-05T07:30:32","modified_gmt":"2025-08-05T13:30:32","slug":"oaxaca-se-suma-a-los-acuerdos-de-asetur-para-fortalecer-el-turismo-nacional","status":"publish","type":"post","link":"https:\/\/zonaroja.com.mx\/?p=83186","title":{"rendered":"Oaxaca se suma a los acuerdos de Asetur para fortalecer el turismo nacional"},"content":{"rendered":"\n<p>Redacci\u00f3n\/Zona Roja.&nbsp;<\/p>\n\n\n\n<p>Oaxaca, Oax., a 5 de agosto de 2025.- El Gobierno del Estado, a trav\u00e9s de la Secretar\u00eda de Turismo (Sectur Oaxaca), se suma a los acuerdos adoptados dentro de la estrategia de posicionamiento y plan de acci\u00f3n \u201cHagamos del turismo una prioridad para M\u00e9xico\u201d, iniciativa que busca transformar al sector en una herramienta de bienestar social y desarrollo sostenible para el pa\u00eds.<\/p>\n\n\n\n<p>Esta acci\u00f3n de la Uni\u00f3n de Secretarias y Secretarios de Turismo de M\u00e9xico A.C (Asetur) para impulsar al sector con responsabilidad y unidad, surgi\u00f3 en el marco de la 62 Asamblea Ordinaria de la Asociaci\u00f3n, encabezada por el presidente de la organizaci\u00f3n y secretario de Turismo de Quintana Roo, Bernardo Cueto Riestra y del que la titular de la Sectur Oaxaca, Saymi Pineda Velasco, es la secretaria de la mesa directiva.<\/p>\n\n\n\n<p>En este marco Pineda Velasco inform\u00f3 en conferencia de prensa virtual sobre la aprobaci\u00f3n del Programa de Miembros Afiliados de Asetur, que permitir\u00e1 ampliar la red de aliados estrat\u00e9gicos; dirigido a empresas, universidades, organizaciones civiles y actores clave que deseen colaborar con las dependencias de turismo estatales.<\/p>\n\n\n\n<p>Se\u00f1al\u00f3 que la Asociaci\u00f3n apuesta por la generaci\u00f3n de herramientas que permitan avanzar con compromiso compartido, y sumar de manera activa a las estrategias para el fomento de las diferentes actividades de este sector.<\/p>\n\n\n\n<p>Como parte de estas herramientas, se acord\u00f3 la instalaci\u00f3n de Mesas de Trabajo Coyunturales para atender temas urgentes que afectan el desarrollo de la industria en los estados, enfocadas en \u00e1reas como migraci\u00f3n, aduanas, plataformas digitales y conectividad a\u00e9rea y mar\u00edtima.<\/p>\n\n\n\n<p>Asimismo, se elaborar\u00e1 un Diagn\u00f3stico Tur\u00edstico Nacional para contar con una visi\u00f3n clara y actualizada, basada en datos duros, estudios previos y par\u00e1metros internacionales, que orienten las pol\u00edticas p\u00fablicas eficaces, contextualizadas y sostenibles, en el que se respete la diversidad regional y las din\u00e1micas globales de la actividad.<\/p>\n\n\n\n<p>Las acciones corresponden a los cinco ejes establecidos desde la Asetur para convertir al turismo en una prioridad nacional: incrementar la visibilidad del sector y la marca M\u00e9xico; impulsar el desarrollo de infraestructura tur\u00edstica; promover pol\u00edticas p\u00fablicas y alianzas para la conectividad y movilidad en el pa\u00eds; fomentar pr\u00e1cticas responsables y sustentables; y mejorar la percepci\u00f3n del turista.<\/p>\n","protected":false},"excerpt":{"rendered":"<p>Redacci\u00f3n\/Zona Roja.&nbsp; Oaxaca, Oax., a 5 de agosto de 2025.- El Gobierno del Estado, a&hellip;<\/p>\n","protected":false},"author":2,"featured_media":83165,"comment_status":"closed","ping_status":"open","sticky":false,"template":"","format":"standard","meta":{"_lmt_disableupdate":"","_lmt_disable":"","_jetpack_memberships_contains_paid_content":false,"footnotes":""},"categories":[109,46],"tags":[1031],"class_list":["post-83186","post","type-post","status-publish","format-standard","has-post-thumbnail","hentry","category-minuto-a-minuto","category-zona-blanca","tag-secretaria-de-turismo-oaxaca"],"jetpack_featured_media_url":"https:\/\/zonaroja.com.mx\/wp-content\/uploads\/2025\/08\/Saymi-Pineda-Velasco.jpg","jetpack_sharing_enabled":true,"_links":{"self":[{"href":"https:\/\/zonaroja.com.mx\/index.php?rest_route=\/wp\/v2\/posts\/83186","targetHints":{"allow":["GET"]}}],"collection":[{"href":"https:\/\/zonaroja.com.mx\/index.php?rest_route=\/wp\/v2\/posts"}],"about":[{"href":"https:\/\/zonaroja.com.mx\/index.php?rest_route=\/wp\/v2\/types\/post"}],"author":[{"embeddable":true,"href":"https:\/\/zonaroja.com.mx\/index.php?rest_route=\/wp\/v2\/users\/2"}],"replies":[{"embeddable":true,"href":"https:\/\/zonaroja.com.mx\/index.php?rest_route=%2Fwp%2Fv2%2Fcomments&post=83186"}],"version-history":[{"count":1,"href":"https:\/\/zonaroja.com.mx\/index.php?rest_route=\/wp\/v2\/posts\/83186\/revisions"}],"predecessor-version":[{"id":83187,"href":"https:\/\/zonaroja.com.mx\/index.php?rest_route=\/wp\/v2\/posts\/83186\/revisions\/83187"}],"wp:featuredmedia":[{"embeddable":true,"href":"https:\/\/zonaroja.com.mx\/index.php?rest_route=\/wp\/v2\/media\/83165"}],"wp:attachment":[{"href":"https:\/\/zonaroja.com.mx\/index.php?rest_route=%2Fwp%2Fv2%2Fmedia&parent=83186"}],"wp:term":[{"taxonomy":"category","embeddable":true,"href":"https:\/\/zonaroja.com.mx\/index.php?rest_route=%2Fwp%2Fv2%2Fcategories&post=83186"},{"taxonomy":"post_tag","embeddable":true,"href":"https:\/\/zonaroja.com.mx\/index.php?rest_route=%2Fwp%2Fv2%2Ftags&post=83186"}],"curies":[{"name":"wp","href":"https:\/\/api.w.org\/{rel}","templated":true}]}}