{"id":83188,"date":"2025-08-05T16:34:00","date_gmt":"2025-08-05T22:34:00","guid":{"rendered":"https:\/\/zonaroja.com.mx\/?p=83188"},"modified":"2025-08-05T09:47:57","modified_gmt":"2025-08-05T15:47:57","slug":"opinion-requiem-por-la-cuenca-del-rio-san-felipe","status":"publish","type":"post","link":"https:\/\/zonaroja.com.mx\/?p=83188","title":{"rendered":"Opini\u00f3n. R\u00e9quiem por la cuenca del r\u00edo \u201cSan Felipe\u201d"},"content":{"rendered":"\n<p>N\u00e9stor Y. S\u00e1nchez Islas<\/p>\n\n\n\n<p>Quienes a trav\u00e9s de&nbsp;acciones&nbsp;totalmente de tipo pol\u00edtico no quieren ver el impacto que sus decisiones tendr\u00e1n sobre todos nosotros solo tienen en mente el cortoplacismo y sus intereses inmobiliarios.&nbsp;<\/p>\n\n\n\n<p>Para la ciudad de Oaxaca, la cuenca, o lo que queda de ella, del r\u00edo \u201cSan Felipe\u201d ser\u00e1 una tragedia ecol\u00f3gica que se suma al vergonzante fin que le dimos al r\u00edo \u201cAtoyac\u201d, a la destrucci\u00f3n del r\u00edo \u201cSalado\u201d y al entubamiento del r\u00edo de \u201cJalatlaco\u201d, que es el mismo r\u00edo de \u201cSan Felipe\u201d.<\/p>\n\n\n\n<p>El atractivo de la cordillera result\u00f3 en su propio fin, la zona se transform\u00f3 de un caser\u00edo a una zona de residencias. Una buena parte de la poblaci\u00f3n original se dedicaba a la elaboraci\u00f3n de tortillas y, desde ah\u00ed, bajaban a venderlas al centro.&nbsp;<\/p>\n\n\n\n<p>Hoy, los habitantes originales han migrado debido a la gentrificaci\u00f3n de la zona. Si por un lado este fen\u00f3meno mejor\u00f3 las condiciones urbanas, por otro, desat\u00f3 la especulaci\u00f3n que hoy se padece.<\/p>\n\n\n\n<p>La cordillera de San Felipe no solo es parte del paisaje de nuestra ciudad, sino que es parte de su historia. La continua necesidad de agua para la capital oblig\u00f3 a construir el acueducto, all\u00e1 por el siglo XVIII, que satisfizo durante a\u00f1os parte de&nbsp;la&nbsp;necesidad.&nbsp;<\/p>\n\n\n\n<p>La construcci\u00f3n de esa obra nos dej\u00f3 un legado arquitect\u00f3nico hoy muy apreciado y que es parte de nuestro&nbsp;valioso&nbsp;patrimonio edificado: los arcos de La Cascada y los arquitos de Xochimilco.<\/p>\n\n\n\n<p>Una cuenca hidrol\u00f3gica no se limita al r\u00edo y sus orillas, sino que abarca toda la zona que le da origen. El r\u00edo de \u201cSan Felipe\u201d tiene como cuenca la propia cordillera, en gran parte invadida en la zona del libramiento norte, pero tambi\u00e9n forman parte de ella&nbsp;La Chigulera, el Ejido Guadalupe Victoria, los cerros y las lomas que la rodean, entre ellos el cerro del \u201cCrest\u00f3n\u201d.<\/p>\n\n\n\n<p>El hecho de permitir la urbanizaci\u00f3n de esas zonas significa acabar con la flora y fauna nativa, con un pulm\u00f3n de aire y una zona de recarga de agua. La naturaleza nos entrega un r\u00edo limpio y nosotros lo convertimos en una cloaca. No hay que ir hasta el r\u00edo \u201cSalado\u201d para disfrutar los olores nauseabundos&nbsp;de&nbsp;agua podrida.&nbsp;<\/p>\n\n\n\n<p>Basta ir al puente de la calzada Porfirio D\u00edaz que la une con la calzada H\u00e9roes de Chapultepec para vivir la experiencia en medio de una de las zonas de mayor plusval\u00eda. No solo el agua est\u00e1 contaminada, el cauce est\u00e1 lleno de&nbsp;lodo, maleza y basura.<\/p>\n\n\n\n<p>A partir de ese puente, el r\u00edo de \u201cSan Felipe\u201d entra en el entubado de Jalatlaco, una obra que bajo los criterios ecol\u00f3gicos actuales nunca se hubiera hecho. Los r\u00edos y sus cuencas deben rescatarse y no ocultarse debajo de las calles y avenidas.<\/p>\n\n\n\n<p>La zona del \u201cCrest\u00f3n\u201d, a la que se le acaba de autorizar la modificaci\u00f3n del uso de suelo, no es ajena a la especulaci\u00f3n inmobiliaria. En pocas palabras, la decisi\u00f3n del ayuntamiento es el toque de salida para la gentrificaci\u00f3n de la zona que dejar\u00e1 de ser un pulm\u00f3n de la ciudad para convertirse en una fuente de demanda de agua, electricidad y dem\u00e1s servicios.&nbsp;<\/p>\n\n\n\n<p>El Ejido Guadalupe Victoria es, desde hace tiempo,&nbsp;una zona de alta especulaci\u00f3n debido a la gran cantidad de residencias que ah\u00ed existen.<\/p>\n\n\n\n<p>El da\u00f1o ecol\u00f3gico no se limitar\u00e1 al cerro del \u201cCrest\u00f3n\u201d puesto que se trata de una microcuenca. Los efectos de falta de lluvia, m\u00e1s calor, deforestaci\u00f3n y nula recarga de mantos acu\u00edferos los padeceremos todos.&nbsp;<\/p>\n\n\n\n<p>La erosi\u00f3n del suelo y la descarga de aguas negras en el antiguo cauce extender\u00e1n la cloaca hasta la cordillera. La vegetaci\u00f3n nativa desaparecer\u00e1 bajo toneladas de concreto y asfalto y la fauna de la zona, como tlacuaches, conejos, serpientes y aves morir\u00e1 al&nbsp;destruir su h\u00e1bitat.<\/p>\n\n\n\n<p>La escasez de agua potable aumentar\u00e1. Ya desde hace a\u00f1os baja muy poca agua de San Felipe y, con estos cambios, no tardar\u00e1 en extenderse la mancha urbana m\u00e1s all\u00e1 del libramiento norte, como ya es un hecho. Lo m\u00e1s grave de todo esto es el proceso de cambio clim\u00e1tico que padecemos y cuyas olas de calor son cada vez m\u00e1s prolongadas e intensas.&nbsp;<\/p>\n\n\n\n<p>Es tal la voracidad por esas tierras y la corrupci\u00f3n entre notarios y autoridades&nbsp;que&nbsp;ya llegaron al colmo de que sali\u00f3 un due\u00f1o de los terrenos de la presa rompe picos, una obra que se hizo para salvar vidas pero que no&nbsp;les importa.<\/p>\n\n\n\n<p>Hoy con nostalgia, la gente mira en redes sociales las antiguas im\u00e1genes del r\u00edo \u201cAtoyac\u201d cuando ten\u00eda agua, cuando lo cruzaban en carretas tiradas por bueyes. Esa misma gente que se llena de nostalgia no dir\u00e1 nada ante la desaparici\u00f3n de esta microcuenca. <\/p>\n\n\n\n<p>Lo \u00fanico que quedar\u00e1 ser\u00e1n las fotos y videos de lo que alguna vez fue\u00a0una hermosa zona arbolada y con abundante vida silvestre.\u00a0La muerte de esa cuenca ser\u00e1 la muerte de viejos recuerdos y vivencias de quienes tuvimos la oportunidad de conocerla, vivirla y disfrutarla\u00a0antes de la devastaci\u00f3n que viene\u00a0en camino.<\/p>\n\n\n\n<p>nestoryuri@yahoo.com<\/p>\n","protected":false},"excerpt":{"rendered":"<p>N\u00e9stor Y. S\u00e1nchez Islas Quienes a trav\u00e9s de&nbsp;acciones&nbsp;totalmente de tipo pol\u00edtico no quieren ver el&hellip;<\/p>\n","protected":false},"author":2,"featured_media":67897,"comment_status":"closed","ping_status":"open","sticky":false,"template":"","format":"standard","meta":{"_lmt_disableupdate":"","_lmt_disable":"","_jetpack_memberships_contains_paid_content":false,"footnotes":""},"categories":[456,109],"tags":[3050],"class_list":["post-83188","post","type-post","status-publish","format-standard","has-post-thumbnail","hentry","category-columna","category-minuto-a-minuto","tag-nestor-yuri-sanchez"],"jetpack_featured_media_url":"https:\/\/zonaroja.com.mx\/wp-content\/uploads\/2024\/05\/Opinion-Nestor-Yuri-Sanchez.jpeg","jetpack_sharing_enabled":true,"_links":{"self":[{"href":"https:\/\/zonaroja.com.mx\/index.php?rest_route=\/wp\/v2\/posts\/83188","targetHints":{"allow":["GET"]}}],"collection":[{"href":"https:\/\/zonaroja.com.mx\/index.php?rest_route=\/wp\/v2\/posts"}],"about":[{"href":"https:\/\/zonaroja.com.mx\/index.php?rest_route=\/wp\/v2\/types\/post"}],"author":[{"embeddable":true,"href":"https:\/\/zonaroja.com.mx\/index.php?rest_route=\/wp\/v2\/users\/2"}],"replies":[{"embeddable":true,"href":"https:\/\/zonaroja.com.mx\/index.php?rest_route=%2Fwp%2Fv2%2Fcomments&post=83188"}],"version-history":[{"count":1,"href":"https:\/\/zonaroja.com.mx\/index.php?rest_route=\/wp\/v2\/posts\/83188\/revisions"}],"predecessor-version":[{"id":83189,"href":"https:\/\/zonaroja.com.mx\/index.php?rest_route=\/wp\/v2\/posts\/83188\/revisions\/83189"}],"wp:featuredmedia":[{"embeddable":true,"href":"https:\/\/zonaroja.com.mx\/index.php?rest_route=\/wp\/v2\/media\/67897"}],"wp:attachment":[{"href":"https:\/\/zonaroja.com.mx\/index.php?rest_route=%2Fwp%2Fv2%2Fmedia&parent=83188"}],"wp:term":[{"taxonomy":"category","embeddable":true,"href":"https:\/\/zonaroja.com.mx\/index.php?rest_route=%2Fwp%2Fv2%2Fcategories&post=83188"},{"taxonomy":"post_tag","embeddable":true,"href":"https:\/\/zonaroja.com.mx\/index.php?rest_route=%2Fwp%2Fv2%2Ftags&post=83188"}],"curies":[{"name":"wp","href":"https:\/\/api.w.org\/{rel}","templated":true}]}}