{"id":83194,"date":"2025-08-05T19:24:36","date_gmt":"2025-08-06T01:24:36","guid":{"rendered":"https:\/\/zonaroja.com.mx\/?p=83194"},"modified":"2025-08-05T19:24:38","modified_gmt":"2025-08-06T01:24:38","slug":"exigen-al-congreso-de-oaxaca-delimitar-correctamente-la-reserva-del-creston","status":"publish","type":"post","link":"https:\/\/zonaroja.com.mx\/?p=83194","title":{"rendered":"Exigen al Congreso de Oaxaca delimitar correctamente la reserva del \u201cCrest\u00f3n\u201d"},"content":{"rendered":"\n<p>Lisbeth Mej\u00eda Reyes&nbsp;<\/p>\n\n\n\n<p>Oaxaca, Oax., a 5 de agosto de 2025.- Al se\u00f1alar que el nuevo decreto estatal redujo el \u00e1rea original, el activista Carlos Morales y un grupo de ciudadanos exigieron este martes la intervenci\u00f3n del Congreso local y el gobierno federal para delimitar correctamente la zona de reserva ecol\u00f3gica y \u00e1rea natural protegida Cerro del \u201cCrest\u00f3n\u201d-Cruz Blanca-Fort\u00edn.&nbsp;<\/p>\n\n\n\n<p>Esto tras el acuerdo del cabildo municipal con el que se levantaron las restricciones de tr\u00e1mites que hab\u00eda desde 2021 en el \u00e1rea.<\/p>\n\n\n\n<p>Sin embargo, durante su conferencia de prensa en la Plaza de la Danza, ciudad de Oaxaca, el activista de la asociaci\u00f3n civil \u201cColmillo Blanco\u201d y los vecinos que lo respaldaron fueron objeto de agresiones verbales por otro grupo de habitantes que se han identificado como propietarios de una parte de la reserva.<\/p>\n\n\n\n<p>Morales y las personas que buscan la protecci\u00f3n de la reserva se\u00f1alaron que con el nuevo decreto estatal de septiembre de 2024 se redujo a la mitad el \u00e1rea que ten\u00eda la reserva decretada como tal el 14 de noviembre de 1992.&nbsp;<\/p>\n\n\n\n<p>De las dos mil 300 hect\u00e1reas, ahora son mil 239; poco m\u00e1s de la mitad, de acuerdo con el activista que ha promovido la defensa de este cerro y el del Fort\u00edn. Este \u00faltimo donde ha realizado varias campa\u00f1as de reforestaci\u00f3n o plantado \u00e1rboles en solitario.<\/p>\n\n\n\n<p>Morales y sus compa\u00f1eros denunciaron que nuevamente hay prisa por urbanizar la zona del Crest\u00f3n sin contar con la delimitaci\u00f3n o cerco f\u00edsico que garantice su protecci\u00f3n.&nbsp;<\/p>\n\n\n\n<p>La delimitaci\u00f3n del 2024 la calificaron como requisito para levantar las restricciones de construcci\u00f3n, por lo que exigieron al cabildo retractarse del acuerdo del pasado 29 de julio.<\/p>\n\n\n\n<p>Tambi\u00e9n pidieron la intervenci\u00f3n de la presidenta Claudia Sheinbaum para revisar las \u00e1reas naturales del estado de Oaxaca y que se emitan dict\u00e1menes avalados por especialistas como los de la Universidad Nacional Aut\u00f3noma de M\u00e9xico.<\/p>\n\n\n\n<p>A los pocos minutos de la conferencia, y al igual que en 2023 en este espacio y en el Instituto de Artes Gr\u00e1ficas de Oaxaca, un grupo de habitantes irrumpi\u00f3 para cuestionar al activista. Al asegurar que son leg\u00edtimos propietarios, igualmente confrontaron a las y los reporteros que cubr\u00edan la actividad y les exigieron cobertura, pero sin permitir que concluyera la conferencia del ambientalista.<\/p>\n\n\n\n<figure class=\"wp-block-embed is-type-rich is-provider-twitter wp-block-embed-twitter\"><div class=\"wp-block-embed__wrapper\">\n<div class=\"twitter-tweet\"><blockquote class=\"twitter-tweet\" data-lang=\"es\"><p lang=\"es\" dir=\"ltr\">En conferencia de prensa desde la Plaza de la Danza de la ciudad de <a href=\"https:\/\/twitter.com\/hashtag\/Oaxaca?src=hash&amp;ref_src=twsrc%5Etfw\">#Oaxaca<\/a>, integrantes de la asociaci\u00f3n civil \u201cColmillo Blanco\u201d, demandaron la intervenci\u00f3n del Poder Legislativo para delimitar adecuadamente la zona de reserva en el cerro \u201cCrest\u00f3n\u201d; ello, tras el acuerdo\u2026 <a href=\"https:\/\/t.co\/tQuhCnEGPZ\">pic.twitter.com\/tQuhCnEGPZ<\/a><\/p>&mdash; Zona Roja Oaxaca (@ZonaRoja_Oaxaca) <a href=\"https:\/\/twitter.com\/ZonaRoja_Oaxaca\/status\/1952767772951236684?ref_src=twsrc%5Etfw\">5 de agosto de 2025<\/a><\/blockquote><\/div>\n<\/div><\/figure>\n","protected":false},"excerpt":{"rendered":"<p>Lisbeth Mej\u00eda Reyes&nbsp; Oaxaca, Oax., a 5 de agosto de 2025.- Al se\u00f1alar que el&hellip;<\/p>\n","protected":false},"author":2,"featured_media":83195,"comment_status":"closed","ping_status":"open","sticky":false,"template":"","format":"standard","meta":{"_lmt_disableupdate":"","_lmt_disable":"","_jetpack_memberships_contains_paid_content":false,"footnotes":""},"categories":[109,46],"tags":[2045],"class_list":["post-83194","post","type-post","status-publish","format-standard","has-post-thumbnail","hentry","category-minuto-a-minuto","category-zona-blanca","tag-cerro-del-creston-ciudad-de-oaxaca"],"jetpack_featured_media_url":"https:\/\/zonaroja.com.mx\/wp-content\/uploads\/2025\/08\/Porotesta-activistas-cerro-del-Creston.jpg","jetpack_sharing_enabled":true,"_links":{"self":[{"href":"https:\/\/zonaroja.com.mx\/index.php?rest_route=\/wp\/v2\/posts\/83194","targetHints":{"allow":["GET"]}}],"collection":[{"href":"https:\/\/zonaroja.com.mx\/index.php?rest_route=\/wp\/v2\/posts"}],"about":[{"href":"https:\/\/zonaroja.com.mx\/index.php?rest_route=\/wp\/v2\/types\/post"}],"author":[{"embeddable":true,"href":"https:\/\/zonaroja.com.mx\/index.php?rest_route=\/wp\/v2\/users\/2"}],"replies":[{"embeddable":true,"href":"https:\/\/zonaroja.com.mx\/index.php?rest_route=%2Fwp%2Fv2%2Fcomments&post=83194"}],"version-history":[{"count":1,"href":"https:\/\/zonaroja.com.mx\/index.php?rest_route=\/wp\/v2\/posts\/83194\/revisions"}],"predecessor-version":[{"id":83196,"href":"https:\/\/zonaroja.com.mx\/index.php?rest_route=\/wp\/v2\/posts\/83194\/revisions\/83196"}],"wp:featuredmedia":[{"embeddable":true,"href":"https:\/\/zonaroja.com.mx\/index.php?rest_route=\/wp\/v2\/media\/83195"}],"wp:attachment":[{"href":"https:\/\/zonaroja.com.mx\/index.php?rest_route=%2Fwp%2Fv2%2Fmedia&parent=83194"}],"wp:term":[{"taxonomy":"category","embeddable":true,"href":"https:\/\/zonaroja.com.mx\/index.php?rest_route=%2Fwp%2Fv2%2Fcategories&post=83194"},{"taxonomy":"post_tag","embeddable":true,"href":"https:\/\/zonaroja.com.mx\/index.php?rest_route=%2Fwp%2Fv2%2Ftags&post=83194"}],"curies":[{"name":"wp","href":"https:\/\/api.w.org\/{rel}","templated":true}]}}