{"id":83200,"date":"2025-08-05T22:05:02","date_gmt":"2025-08-06T04:05:02","guid":{"rendered":"https:\/\/zonaroja.com.mx\/?p=83200"},"modified":"2025-08-05T22:05:04","modified_gmt":"2025-08-06T04:05:04","slug":"rechazan-que-acuerdo-de-cabildo-permita-mas-avance-de-la-mancha-urbana-en-el-creston","status":"publish","type":"post","link":"https:\/\/zonaroja.com.mx\/?p=83200","title":{"rendered":"Rechazan que acuerdo de Cabildo permita m\u00e1s avance de la mancha urbana en el \u201cCrest\u00f3n\u201d"},"content":{"rendered":"\n<p>Lisbeth Mej\u00eda Reyes\/Zona Roja.<\/p>\n\n\n\n<p>Oaxaca, Oax., a 5 de agosto de 2025.- A ra\u00edz de los cuestionamientos y preocupaciones de organizaciones de la sociedad civil, de urbanistas y arquitectos, el presidente municipal de Oaxaca de Ju\u00e1rez, Raymundo Chagoya Villanueva, neg\u00f3 que el levantamiento del veto a los tr\u00e1mites en la zona de reserva ecol\u00f3gica de la que es parte el cerro del Crest\u00f3n implique m\u00e1s avance de la mancha urbana.<\/p>\n\n\n\n<p>El acuerdo, dijo, es para la regularizaci\u00f3n de las 44 colonias ya asentadas en el \u00e1rea urbanizada del \u00e1rea natural protegida cerro del \u201cCrest\u00f3n\u201d-Cruz Blanca-Fort\u00edn.&nbsp;<\/p>\n\n\n\n<p>Debido al nuevo acuerdo del Cabildo, la ma\u00f1ana de este martes tambi\u00e9n se gener\u00f3 una nueva confrontaci\u00f3n entre un grupo de vecinos y activista con otro de personas que aseguran ser propietarias de terrenos en la zona en conflicto. La situaci\u00f3n ya se hab\u00eda registrado al menos desde 2023 entre ambos grupos, cuando la anterior se municipal trat\u00f3 de levantar las restricciones.<\/p>\n\n\n\n<p>Al reconocer que el \u00e1rea natural protegida es competencia del gobierno estatal, Chagoya Villanueva explic\u00f3 que el acuerdo municipal para retomar los tr\u00e1mites es parte del convenio celebrado con el gobierno estatal para la coadministraci\u00f3n del \u00e1rea ya urbanizada.&nbsp;<\/p>\n\n\n\n<p>Lo anterior tambi\u00e9n lo hab\u00eda comentado hace unos d\u00edas el consejero Jur\u00eddico del estado, Geovany V\u00e1squez Sagrero y fue confirmado la ma\u00f1ana de este martes por la Secretaria de Medio Ambiente, Biodiversidad, Energ\u00eda y Sostenibilidad, Karime Unda Harp.<\/p>\n\n\n\n<p>\u00abEs una \u00e1rea natural protegida que es competencia del estado regular\u00bb, apunt\u00f3 el presidente municipal sobre las mil 239 hect\u00e1reas de la reserva ecol\u00f3gica y \u00e1rea natural protegida, seg\u00fan el decreto de rectificaci\u00f3n y delimitaci\u00f3n publicado el 2 de septiembre de 2024 y con el que se confirma el de noviembre de 1992 que dio origen al \u00e1rea.<\/p>\n\n\n\n<p>\u00ab\u00danicamente se van a regularizar las 44 colonias que est\u00e1n en Oaxaca de Ju\u00e1rez\u00bb para darles certeza jur\u00eddica, subray\u00f3 el concejal, aunque admiti\u00f3 que \u00abaparte hay 14 m\u00e1s que est\u00e1n en proceso de regularizaci\u00f3n\u00bb y que el \u00e1rea natural protegida \u00abes el resto del pol\u00edgono que se va a determinar a partir de un comit\u00e9&#8230;&nbsp;<\/p>\n\n\n\n<p>\u201cEste punto de acuerdo no avanza en ning\u00fan tema que no est\u00e9 dentro del convenio. Lo que hace es que levanta ese bloqueo que hab\u00eda para las 44 colonias que ya est\u00e1n instaladas. Estas colonias piden que puedan hacer sus tr\u00e1mites de alineamiento, de n\u00famero oficial, licencias de obras\u00bb.<\/p>\n\n\n\n<p>RESERVA URBANIZADA<\/p>\n\n\n\n<p>Por otra parte, en conferencia del gobernador Salom\u00f3n Jara, la secretaria de Medio Ambiente, Biodiversidad, Energ\u00eda y Sostenibilidad, Karime Unda Harp, detall\u00f3 que de las mil 239 &nbsp;hect\u00e1reas de la reserva ecol\u00f3gica y \u00e1rea natural protegida el 31 por ciento ya est\u00e1 urbanizada. Es decir, ya hay asentamientos humanos desde hace varios a\u00f1os.<\/p>\n\n\n\n<p>\u00abNo se est\u00e1n otorgando permisos para construcci\u00f3n\u00bb, dijo la funcionaria estatal sobre el acuerdo del cabildo, del que confirm\u00f3 que es para numeraci\u00f3n, alineamientos, subdivisi\u00f3n de predios y acceso a servicios como al agua potable.<\/p>\n\n\n\n<p>Sin embargo, no descart\u00f3 que en caso de solicitudes de construcci\u00f3n estas se analicen.&nbsp;<\/p>\n\n\n\n<p>\u00abEstos permisos para construcci\u00f3n, en dado caso que alguien haga una solicitud, se tendr\u00eda que hacer a trav\u00e9s de un comit\u00e9 que se va a instaurar esta semana, en donde vamos a estar municipio con la secretar\u00eda de Medio Ambiente y gobierno del estado y se va a determinar&#8230; el municipio no va a otorgar estos permisos de manera deliberada, siempre va a ser a trav\u00e9s de un concenso de comit\u00e9 y no se va a expandir esta zona.&nbsp;<\/p>\n\n\n\n<p>\u201cPrecisamente, lo que queremos es encapsular esta zona urbana que, hablemos claro, es una realidad&#8230; Lo que queremos es que no se expanda esta zona precisamente porque todo lo dem\u00e1s, fuera de este 31 por ciento, corresponde (administrar) a la Secretar\u00eda de Medio Ambiente\u201d.<\/p>\n","protected":false},"excerpt":{"rendered":"<p>Lisbeth Mej\u00eda Reyes\/Zona Roja. Oaxaca, Oax., a 5 de agosto de 2025.- A ra\u00edz de&hellip;<\/p>\n","protected":false},"author":2,"featured_media":83201,"comment_status":"closed","ping_status":"open","sticky":false,"template":"","format":"standard","meta":{"_lmt_disableupdate":"","_lmt_disable":"","_jetpack_memberships_contains_paid_content":false,"footnotes":""},"categories":[109,46],"tags":[148,4142],"class_list":["post-83200","post","type-post","status-publish","format-standard","has-post-thumbnail","hentry","category-minuto-a-minuto","category-zona-blanca","tag-oaxaca-de-juarez","tag-raymundo-chagoya"],"jetpack_featured_media_url":"https:\/\/zonaroja.com.mx\/wp-content\/uploads\/2025\/08\/Raymundo-Chagoya-conferencia.jpeg","jetpack_sharing_enabled":true,"_links":{"self":[{"href":"https:\/\/zonaroja.com.mx\/index.php?rest_route=\/wp\/v2\/posts\/83200","targetHints":{"allow":["GET"]}}],"collection":[{"href":"https:\/\/zonaroja.com.mx\/index.php?rest_route=\/wp\/v2\/posts"}],"about":[{"href":"https:\/\/zonaroja.com.mx\/index.php?rest_route=\/wp\/v2\/types\/post"}],"author":[{"embeddable":true,"href":"https:\/\/zonaroja.com.mx\/index.php?rest_route=\/wp\/v2\/users\/2"}],"replies":[{"embeddable":true,"href":"https:\/\/zonaroja.com.mx\/index.php?rest_route=%2Fwp%2Fv2%2Fcomments&post=83200"}],"version-history":[{"count":1,"href":"https:\/\/zonaroja.com.mx\/index.php?rest_route=\/wp\/v2\/posts\/83200\/revisions"}],"predecessor-version":[{"id":83202,"href":"https:\/\/zonaroja.com.mx\/index.php?rest_route=\/wp\/v2\/posts\/83200\/revisions\/83202"}],"wp:featuredmedia":[{"embeddable":true,"href":"https:\/\/zonaroja.com.mx\/index.php?rest_route=\/wp\/v2\/media\/83201"}],"wp:attachment":[{"href":"https:\/\/zonaroja.com.mx\/index.php?rest_route=%2Fwp%2Fv2%2Fmedia&parent=83200"}],"wp:term":[{"taxonomy":"category","embeddable":true,"href":"https:\/\/zonaroja.com.mx\/index.php?rest_route=%2Fwp%2Fv2%2Fcategories&post=83200"},{"taxonomy":"post_tag","embeddable":true,"href":"https:\/\/zonaroja.com.mx\/index.php?rest_route=%2Fwp%2Fv2%2Ftags&post=83200"}],"curies":[{"name":"wp","href":"https:\/\/api.w.org\/{rel}","templated":true}]}}