{"id":83206,"date":"2025-08-06T08:15:00","date_gmt":"2025-08-06T14:15:00","guid":{"rendered":"https:\/\/zonaroja.com.mx\/?p=83206"},"modified":"2025-08-06T06:50:56","modified_gmt":"2025-08-06T12:50:56","slug":"indagan-incendio-de-dos-vehiculos-e-individuo-calcinado-en-el-istmo","status":"publish","type":"post","link":"https:\/\/zonaroja.com.mx\/?p=83206","title":{"rendered":"Indagan incendio de dos veh\u00edculos e individuo calcinado en el Istmo"},"content":{"rendered":"\n<p>Raymundo Morales\/Zona Roja.<\/p>\n\n\n\n<p>Oaxaca, Oax., a 6 de agosto de 2025.- Dos veh\u00edculos incendiados y un cuerpo calcinado fueron localizados ayer en la regi\u00f3n del Istmo de Tehuantepec, caso que indaga la Fiscal\u00eda General del Estado de Oaxaca.<\/p>\n\n\n\n<p>De acuerdo con los primeros reportes policiacos, fue la madrugada de este martes en que localizaron dos unidades de motor incineradas, en la carretera Panamericana, tramo La Venta-La Blanca, jurisdicci\u00f3n del municipio de Santo Domingo Ingenio.<\/p>\n\n\n\n<p>En el interior de uno de los veh\u00edculos se localizo el cuerpo de una persona totalmente calcinada, lo que ha dificultado la identificaci\u00f3n; se teme que haya m\u00e1s v\u00edctimas, pues eran varios pasajeros que viajaban en ambas unidades.<\/p>\n\n\n\n<p>Asimismo, uno de los veh\u00edculos presenta impactos de arma de fuego, mientras que en la zona se localizaron varios casquillos percutidos de armas de grueso calibre.<\/p>\n\n\n\n<p>Seg\u00fan las primeras indagatorias, los ocupantes de las unidades habr\u00edan sido perseguidas y alcanzadas por sujetos armados, quienes dispararon de manera directa contra los ocupantes y despu\u00e9s prendieron fuego a los veh\u00edculos.<\/p>\n\n\n\n<p>Hasta el momento la Fiscal\u00eda General contin\u00faa las indagatorias y no descarta un ataque armado, entre las l\u00edneas de investigaci\u00f3n. El cuerpo de la v\u00edctima fue llevado al Instituto de Servicios Policiales de Oaxaca.<\/p>\n","protected":false},"excerpt":{"rendered":"<p>Raymundo Morales\/Zona Roja. Oaxaca, Oax., a 6 de agosto de 2025.- Dos veh\u00edculos incendiados y&hellip;<\/p>\n","protected":false},"author":2,"featured_media":83207,"comment_status":"closed","ping_status":"open","sticky":false,"template":"","format":"standard","meta":{"_lmt_disableupdate":"","_lmt_disable":"","_jetpack_memberships_contains_paid_content":false,"footnotes":""},"categories":[109,51],"tags":[101],"class_list":["post-83206","post","type-post","status-publish","format-standard","has-post-thumbnail","hentry","category-minuto-a-minuto","category-zona-roja","tag-santo-domingo-ingenio"],"jetpack_featured_media_url":"https:\/\/zonaroja.com.mx\/wp-content\/uploads\/2025\/08\/Incendio-vehiculos-y-calcinado-en-Istmo-Ingenio.jpg","jetpack_sharing_enabled":true,"_links":{"self":[{"href":"https:\/\/zonaroja.com.mx\/index.php?rest_route=\/wp\/v2\/posts\/83206","targetHints":{"allow":["GET"]}}],"collection":[{"href":"https:\/\/zonaroja.com.mx\/index.php?rest_route=\/wp\/v2\/posts"}],"about":[{"href":"https:\/\/zonaroja.com.mx\/index.php?rest_route=\/wp\/v2\/types\/post"}],"author":[{"embeddable":true,"href":"https:\/\/zonaroja.com.mx\/index.php?rest_route=\/wp\/v2\/users\/2"}],"replies":[{"embeddable":true,"href":"https:\/\/zonaroja.com.mx\/index.php?rest_route=%2Fwp%2Fv2%2Fcomments&post=83206"}],"version-history":[{"count":1,"href":"https:\/\/zonaroja.com.mx\/index.php?rest_route=\/wp\/v2\/posts\/83206\/revisions"}],"predecessor-version":[{"id":83208,"href":"https:\/\/zonaroja.com.mx\/index.php?rest_route=\/wp\/v2\/posts\/83206\/revisions\/83208"}],"wp:featuredmedia":[{"embeddable":true,"href":"https:\/\/zonaroja.com.mx\/index.php?rest_route=\/wp\/v2\/media\/83207"}],"wp:attachment":[{"href":"https:\/\/zonaroja.com.mx\/index.php?rest_route=%2Fwp%2Fv2%2Fmedia&parent=83206"}],"wp:term":[{"taxonomy":"category","embeddable":true,"href":"https:\/\/zonaroja.com.mx\/index.php?rest_route=%2Fwp%2Fv2%2Fcategories&post=83206"},{"taxonomy":"post_tag","embeddable":true,"href":"https:\/\/zonaroja.com.mx\/index.php?rest_route=%2Fwp%2Fv2%2Ftags&post=83206"}],"curies":[{"name":"wp","href":"https:\/\/api.w.org\/{rel}","templated":true}]}}