{"id":83213,"date":"2025-08-06T10:11:00","date_gmt":"2025-08-06T16:11:00","guid":{"rendered":"https:\/\/zonaroja.com.mx\/?p=83213"},"modified":"2025-08-06T07:14:47","modified_gmt":"2025-08-06T13:14:47","slug":"aprueba-cabildo-de-oaxaca-proyecto-para-crear-centro-de-servicios-vecinales","status":"publish","type":"post","link":"https:\/\/zonaroja.com.mx\/?p=83213","title":{"rendered":"Aprueba Cabildo de Oaxaca proyecto para crear Centro de Servicios Vecinales"},"content":{"rendered":"\n<p>Redacci\u00f3n\/Zona Roja.<\/p>\n\n\n\n<p>Oaxaca, Oax., a 6 de agosto de 2025.\u2013 El Cabildo de Oaxaca de Ju\u00e1rez aprob\u00f3 el dictamen que autoriza la demolici\u00f3n del inmueble ubicado en la calle Belisario Dom\u00ednguez 920, colonia Reforma, para dar paso a la construcci\u00f3n del Centro de Servicios Vecinales (Cesevi), un espacio moderno, accesible y digno que permitir\u00e1 concentrar todos los servicios municipales en un solo lugar.<\/p>\n\n\n\n<p>Esta decisi\u00f3n se sustenta en dict\u00e1menes t\u00e9cnicos de Protecci\u00f3n Civil y de seguridad estructural, que recomendaron intervenir el inmueble por razones de seguridad. Adem\u00e1s, responde a una visi\u00f3n de futuro que apuesta por la eficiencia administrativa, la atenci\u00f3n ciudadana de calidad y la recuperaci\u00f3n de espacios p\u00fablicos para fines culturales y tur\u00edsticos.<\/p>\n\n\n\n<p>Actualmente, el municipio paga m\u00e1s de 20 millones de pesos anuales en rentas por 29 inmuebles dispersos por toda la ciudad, lo que genera duplicidad de gastos, ineficiencia operativa y confusi\u00f3n para las y los ciudadanos que requieren atenci\u00f3n.&nbsp;<\/p>\n\n\n\n<p>A esto se suman las malas condiciones de las oficinas, muchas de ellas en casas adaptadas sin accesibilidad ni seguridad.<\/p>\n\n\n\n<p>El presidente Ray Chagoya subray\u00f3 que el Cesevi es un proyecto integral que dignifica al municipio:<\/p>\n\n\n\n<p>\u201cHoy no contamos con inmuebles propios adecuados. Todas las oficinas deben ser accesibles para todas y todos, con las mejores condiciones. Esta inversi\u00f3n permitir\u00e1 atender mejor a la ciudadan\u00eda, reducir gastos y fortalecer la administraci\u00f3n p\u00fablica\u201d, expres\u00f3.<\/p>\n\n\n\n<p>Con una plantilla cercana a cuatro mil trabajadores municipales, el nuevo centro mejorar\u00e1 la organizaci\u00f3n interna, los horarios y el control administrativo, adem\u00e1s de ofrecer atenci\u00f3n m\u00e1s \u00e1gil, accesible y profesional a m\u00e1s de 270 mil habitantes.<\/p>\n\n\n\n<p>El Cesevi ser\u00e1 una obra sustentable, con paneles solares, captaci\u00f3n de agua pluvial y dise\u00f1o pasivo, adem\u00e1s de contar con estacionamiento propio. La inversi\u00f3n se realizar\u00e1 bajo un modelo de concesi\u00f3n, sin contratar deuda p\u00fablica y con plena viabilidad legal.<\/p>\n\n\n\n<p>El proyecto tambi\u00e9n liberar\u00e1 espacios hist\u00f3ricos como la Plaza de la Danza, que podr\u00e1 destinarse a fines culturales y tur\u00edsticos, mientras que el Cesevi impulsar\u00e1 el desarrollo econ\u00f3mico local en su entorno.<\/p>\n\n\n\n<p>Con esta acci\u00f3n, el Cabildo refrenda su compromiso con una administraci\u00f3n moderna, eficiente y cercana a la ciudadan\u00eda, que transforma los recursos p\u00fablicos en infraestructura \u00fatil y duradera para Oaxaca de Ju\u00e1rez.<\/p>\n\n\n\n<figure class=\"wp-block-embed is-type-rich is-provider-twitter wp-block-embed-twitter\"><div class=\"wp-block-embed__wrapper\">\n<div class=\"twitter-tweet\"><blockquote class=\"twitter-tweet\" data-lang=\"es\"><p lang=\"es\" dir=\"ltr\">En sesi\u00f3n ordinaria de este martes, el Cabildo del <a href=\"https:\/\/twitter.com\/MunicipioOaxaca?ref_src=twsrc%5Etfw\">@MunicipioOaxaca<\/a> aprob\u00f3 por unanimidad el dictamen que autoriza la demolici\u00f3n del inmueble ubicado en la calle Belisario Dom\u00ednguez 920, colonia Reforma, para dar paso a la construcci\u00f3n del Centro de Servicios Vecinales (Cesevi),\u2026 <a href=\"https:\/\/t.co\/4K0ulRRlOp\">pic.twitter.com\/4K0ulRRlOp<\/a><\/p>&mdash; Zona Roja Oaxaca (@ZonaRoja_Oaxaca) <a href=\"https:\/\/twitter.com\/ZonaRoja_Oaxaca\/status\/1952913675280330965?ref_src=twsrc%5Etfw\">6 de agosto de 2025<\/a><\/blockquote><\/div>\n<\/div><\/figure>\n","protected":false},"excerpt":{"rendered":"<p>Redacci\u00f3n\/Zona Roja. Oaxaca, Oax., a 6 de agosto de 2025.\u2013 El Cabildo de Oaxaca de&hellip;<\/p>\n","protected":false},"author":2,"featured_media":83214,"comment_status":"closed","ping_status":"open","sticky":false,"template":"","format":"standard","meta":{"_lmt_disableupdate":"","_lmt_disable":"","_jetpack_memberships_contains_paid_content":false,"footnotes":""},"categories":[109,46],"tags":[148,4142],"class_list":["post-83213","post","type-post","status-publish","format-standard","has-post-thumbnail","hentry","category-minuto-a-minuto","category-zona-blanca","tag-oaxaca-de-juarez","tag-raymundo-chagoya"],"jetpack_featured_media_url":"https:\/\/zonaroja.com.mx\/wp-content\/uploads\/2025\/08\/Sesion-Cabildo-Oaxaca-de-Juarez.jpeg","jetpack_sharing_enabled":true,"_links":{"self":[{"href":"https:\/\/zonaroja.com.mx\/index.php?rest_route=\/wp\/v2\/posts\/83213","targetHints":{"allow":["GET"]}}],"collection":[{"href":"https:\/\/zonaroja.com.mx\/index.php?rest_route=\/wp\/v2\/posts"}],"about":[{"href":"https:\/\/zonaroja.com.mx\/index.php?rest_route=\/wp\/v2\/types\/post"}],"author":[{"embeddable":true,"href":"https:\/\/zonaroja.com.mx\/index.php?rest_route=\/wp\/v2\/users\/2"}],"replies":[{"embeddable":true,"href":"https:\/\/zonaroja.com.mx\/index.php?rest_route=%2Fwp%2Fv2%2Fcomments&post=83213"}],"version-history":[{"count":1,"href":"https:\/\/zonaroja.com.mx\/index.php?rest_route=\/wp\/v2\/posts\/83213\/revisions"}],"predecessor-version":[{"id":83215,"href":"https:\/\/zonaroja.com.mx\/index.php?rest_route=\/wp\/v2\/posts\/83213\/revisions\/83215"}],"wp:featuredmedia":[{"embeddable":true,"href":"https:\/\/zonaroja.com.mx\/index.php?rest_route=\/wp\/v2\/media\/83214"}],"wp:attachment":[{"href":"https:\/\/zonaroja.com.mx\/index.php?rest_route=%2Fwp%2Fv2%2Fmedia&parent=83213"}],"wp:term":[{"taxonomy":"category","embeddable":true,"href":"https:\/\/zonaroja.com.mx\/index.php?rest_route=%2Fwp%2Fv2%2Fcategories&post=83213"},{"taxonomy":"post_tag","embeddable":true,"href":"https:\/\/zonaroja.com.mx\/index.php?rest_route=%2Fwp%2Fv2%2Ftags&post=83213"}],"curies":[{"name":"wp","href":"https:\/\/api.w.org\/{rel}","templated":true}]}}