{"id":83221,"date":"2025-08-06T12:56:00","date_gmt":"2025-08-06T18:56:00","guid":{"rendered":"https:\/\/zonaroja.com.mx\/?p=83221"},"modified":"2025-08-06T07:57:47","modified_gmt":"2025-08-06T13:57:47","slug":"comando-norte-de-eu-amplia-51-km-su-control-sobre-la-frontera-con-mexico","status":"publish","type":"post","link":"https:\/\/zonaroja.com.mx\/?p=83221","title":{"rendered":"Comando Norte de EU ampl\u00eda 51 km su control sobre la frontera con M\u00e9xico"},"content":{"rendered":"\n<p>Redacci\u00f3n\/Zona Roja Cdmx.<\/p>\n\n\n\n<p>Ciudad de M\u00e9xico, a 6 de agosto de 2025.- El Comando Norte de Estados Unidos (USNorthcom, por sus siglas en ingl\u00e9s) anunci\u00f3 ayer la expansi\u00f3n de \u00e1reas controladas por el ej\u00e9rcito y la reanudaci\u00f3n de los trabajos para ampliar el muro fronterizo.<\/p>\n\n\n\n<p>El USNorthcom inform\u00f3 que fue puesta en marcha una nueva \u201c\u00e1rea de defensa nacional\u201d (NDA, por sus siglas en ingl\u00e9s) de 51 kil\u00f3metros sobre el territorio de Arizona, que ser\u00e1 operada por la fuerza de tarea conjunta Frontera Sur, con el prop\u00f3sito de \u201cfortalecer las operaciones de seguridad\u201d.<\/p>\n\n\n\n<p>Este nuevo despliegue se suma a las dos NDA ya establecidas, una sobre el desierto de Nuevo M\u00e9xico, en funciones desde abril de este a\u00f1o, que cuenta con aproximadamente 274 kil\u00f3metros de terreno no contiguo a lo largo de la frontera, y otra en el desierto de Texas, extensi\u00f3n de Fort Bliss que abarca 101 kil\u00f3metros entre El Paso y Fort Hancock.<\/p>\n\n\n\n<p>Los efectivos del ej\u00e9rcito realizar\u00e1n patrullajes continuos en dicha zona para frenar la migraci\u00f3n irregular y estar\u00e1n a cargo \u201cdel mantenimiento, construcci\u00f3n y mejora de la barrera fronteriza existente\u201d, se\u00f1al\u00f3 el comunicado.<\/p>\n\n\n\n<p>La fuerza de tarea conjunta Frontera Sur es un escuadr\u00f3n que opera bajo las \u00f3rdenes del Comando Norte para brindar apoyo al Departamento de Seguridad Nacional y realiza \u201coperaciones integradas multidominio\u201d en coordinaci\u00f3n con agentes federales, estatales y locales \u201cpara detectar, monitorear y disuadir actividades ilegales en toda la frontera estadunidense\u201d.<\/p>\n\n\n\n<p>(Informaci\u00f3n de \u201cLa Jornada\u201d)<\/p>\n","protected":false},"excerpt":{"rendered":"<p>Redacci\u00f3n\/Zona Roja Cdmx. Ciudad de M\u00e9xico, a 6 de agosto de 2025.- El Comando Norte&hellip;<\/p>\n","protected":false},"author":2,"featured_media":76873,"comment_status":"closed","ping_status":"open","sticky":false,"template":"","format":"standard","meta":{"_lmt_disableupdate":"","_lmt_disable":"","_jetpack_memberships_contains_paid_content":false,"footnotes":""},"categories":[109,47],"tags":[],"class_list":["post-83221","post","type-post","status-publish","format-standard","has-post-thumbnail","hentry","category-minuto-a-minuto","category-zona-gris"],"jetpack_featured_media_url":"https:\/\/zonaroja.com.mx\/wp-content\/uploads\/2025\/01\/Marina-EU-migrantes-frontera.jpg","jetpack_sharing_enabled":true,"_links":{"self":[{"href":"https:\/\/zonaroja.com.mx\/index.php?rest_route=\/wp\/v2\/posts\/83221","targetHints":{"allow":["GET"]}}],"collection":[{"href":"https:\/\/zonaroja.com.mx\/index.php?rest_route=\/wp\/v2\/posts"}],"about":[{"href":"https:\/\/zonaroja.com.mx\/index.php?rest_route=\/wp\/v2\/types\/post"}],"author":[{"embeddable":true,"href":"https:\/\/zonaroja.com.mx\/index.php?rest_route=\/wp\/v2\/users\/2"}],"replies":[{"embeddable":true,"href":"https:\/\/zonaroja.com.mx\/index.php?rest_route=%2Fwp%2Fv2%2Fcomments&post=83221"}],"version-history":[{"count":1,"href":"https:\/\/zonaroja.com.mx\/index.php?rest_route=\/wp\/v2\/posts\/83221\/revisions"}],"predecessor-version":[{"id":83222,"href":"https:\/\/zonaroja.com.mx\/index.php?rest_route=\/wp\/v2\/posts\/83221\/revisions\/83222"}],"wp:featuredmedia":[{"embeddable":true,"href":"https:\/\/zonaroja.com.mx\/index.php?rest_route=\/wp\/v2\/media\/76873"}],"wp:attachment":[{"href":"https:\/\/zonaroja.com.mx\/index.php?rest_route=%2Fwp%2Fv2%2Fmedia&parent=83221"}],"wp:term":[{"taxonomy":"category","embeddable":true,"href":"https:\/\/zonaroja.com.mx\/index.php?rest_route=%2Fwp%2Fv2%2Fcategories&post=83221"},{"taxonomy":"post_tag","embeddable":true,"href":"https:\/\/zonaroja.com.mx\/index.php?rest_route=%2Fwp%2Fv2%2Ftags&post=83221"}],"curies":[{"name":"wp","href":"https:\/\/api.w.org\/{rel}","templated":true}]}}