{"id":83223,"date":"2025-08-06T13:30:00","date_gmt":"2025-08-06T19:30:00","guid":{"rendered":"https:\/\/zonaroja.com.mx\/?p=83223"},"modified":"2025-08-06T08:04:34","modified_gmt":"2025-08-06T14:04:34","slug":"destacan-labor-de-carlomagno-en-museo-de-san-bartolo-coyotepec","status":"publish","type":"post","link":"https:\/\/zonaroja.com.mx\/?p=83223","title":{"rendered":"Destacan labor de Carlomagno en museo de San Bartolo Coyotepec"},"content":{"rendered":"\n<p>Redacci\u00f3n\/Zona Roja.<\/p>\n\n\n\n<p>Oaxaca, Oax., a 6 de agosto de 2025.- Nace el 17 de agosto de 1965 en la comunidad zapoteca donde \u201cel barro suena a Plata\u201d como bien lo refiere el poeta L\u00f3pez Velarde en su poema \u201cSuave Patria\u201d.<\/p>\n\n\n\n<p>Desde peque\u00f1o Carlomagno ha estado muy ligado al linaje de grandes art\u00edfices del barro negro que tanta fama le ha dado a nuestro estado de Oaxaca; y efectivamente as\u00ed como inici\u00f3 a hablar, a la par descubre el m\u00e1gico mundo de incursionar en el arte de la cer\u00e1mica, a su corta edad.<\/p>\n\n\n\n<p>A los 4 a\u00f1os rodeado de un ambiente art\u00edstico, su padre don Eleazar Pedro Carre\u00f1o escultor autodidacta y su se\u00f1ora madre Do\u00f1a Glafira Cecilia Mart\u00ednez Barranco quien elaboraba la tradicional jugueter\u00eda; ambos artesanos de San Bartolo Coyotepec; le transmiten su pasi\u00f3n por este noble oficio.<\/p>\n\n\n\n<p>Carlomagno observaba a sus hermanos mayores trabajar el barro; y \u00e9l a manera de juego, escuchando las historias y leyendas que su abuela Herminia Cardozo Gal\u00e1n y Manuel Pedro Andr\u00e9s le contaba, lo llevo a querer transmitir y plasmar lo que escuchaba desde ni\u00f1o y motivado por esas narrativas, se da a la tarea de \u201cpulir\u201d m\u00e1s su trabajo creativo, realizando esculturas plasmadas de un realismo m\u00e1gico extraordinario a su corta edad de 12 a\u00f1os.<\/p>\n\n\n\n<p>Con la inquietud que lo caracteriza Carlomagno en su constante b\u00fasqueda de aprendizaje es observado por el artista pl\u00e1stico Potosino Roberto Don\u00eds, personaje que marco un devenir en las artes visuales de M\u00e9xico, Don\u00eds vio un talento natural en Carlomagno y con ese bagaje que lo caracteriza en t\u00e9rminos culturales y de arraigo e identidad, lo invita a formar parte de un grupo selecto de j\u00f3venes interesados en \u201cmarcar huella en el arte\u201d en el Taller de Artes pl\u00e1sticas \u201cRufino Tamayo\u201d en Oaxaca, como primer semillero formador para desarrollo de la creatividad art\u00edstica de los oaxaque\u00f1os, siendo Carlomagno uno de los integrantes de la Primera Generaci\u00f3n del movimiento pl\u00e1stico en Oaxaca.<\/p>\n\n\n\n<p>En su plena juventud a sus 20 a\u00f1os es ganador del primer lugar en escultura del Gran Premio del Arte Popular en Tlaquepaque, Jalisco, posteriormente a los dos a\u00f1os siguientes es galardonado con el m\u00e1ximo reconocimiento que otorga el Presidente de la Rep\u00fablica Mexicana \u201cEl Premio Nacional de la Juventud en la distinci\u00f3n de Artes Populares de M\u00e9xico\u201d, distinciones que llamaron la atenci\u00f3n de propios y extra\u00f1os para ofrecerle becas por parte de la embajada estadounidense en M\u00e9xico y el Clay estudio en Philadelphia EEUU.<\/p>\n\n\n\n<p>Con una clara influencia de Jos\u00e9 Guadalupe Posada precursor del movimiento nacionalista en M\u00e9xico, Carlomagno toma como su estafeta y sello distintivo el tema de \u201cLa muerte\u201d a la que \u00e9l considera \u201cnuestra eterna compa\u00f1era\u201d, a trav\u00e9s de esculturas en barro negro como \u201cCatrinas\u201d, \u201cXoloescuintles\u201d, \u201cEncobijados\u201d, \u201cRevolucionarios\u201d, \u201cCaballeros jaguar\u201d entre otros, refiere sus temas, ya sean revolucionarios, de independencia e incluso de movimientos y momentos actuales de M\u00e9xico; para proyectar su sentir, su preocupaci\u00f3n o simplemente para dar cuenta de la magia que encierra nuestro pa\u00eds.<\/p>\n\n\n\n<p>Carlomagno ha apoyado a comunidades de Oaxaca a realizar proyectos como casas de cultura, preservaci\u00f3n de sus t\u00e9cnicas artesanales, gesti\u00f3n de proyectos} culturales para beneficio del pueblo oaxaque\u00f1o, y es en uno de sus viajes para demostrar su trabajo creativo; para ser espec\u00edficos en Chicago, Illinois EEUU, donde realizaban el Museo Nacional del Arte Mexicano, que Carlomagno se propone firmemente el \u201camasar\u201d un proyecto cultural que impacte en su natal San Bartolo Coyotepec.<\/p>\n\n\n\n<p>EL MUSEO<\/p>\n\n\n\n<p>Pero adem\u00e1s, brinde una ventana y cobijo a las artes populares de su estado, para brindarle un merecido reconocimiento a muchos artesanos y artesanas que en algunas ocasiones quedan en el anonimato; por ello empieza una labor tit\u00e1nica por realizar un museo, motivado por los trabajos que en su momento vio en el pa\u00eds vecino; la tarea no era f\u00e1cil y \u201csaco fuerzas de su interior\u201d para gestionar recursos y as\u00ed fue que en 1996 se abre el primer museo en su comunidad, con poco recurso y por tratarse de un museo comunitario, en el cual con los cambios de administraci\u00f3n municipal era dif\u00edcil su \u201csost\u00e9n\u201d.<\/p>\n\n\n\n<p>De ah\u00ed que Carlomagno lleva su proyecto a esferas estatales, present\u00e1ndolo una y otra vez al Ejecutivo del estado, a quien le pareci\u00f3 interesante y decidi\u00f3 apoyar esta noble causa para engrandecer y subsanar una \u201casignatura pendiente\u201d con el gremio artesanal oaxaque\u00f1o, inaugurando el Museo Estatal de Arte Popular en octubre de 2004.<\/p>\n\n\n\n<p>Su amor y pasi\u00f3n por el arte en Oaxaca, lo ha empujado a incentivar e instaurar reconocimientos y galardones a Artesanos consagrados, llam\u00e1ndolos \u201cLos Artistas Genuinos de Oaxaca\u201d, premios como Galard\u00f3n a la Trayectoria en arte Popular de Oaxaca con seis ediciones, Estatuilla \u201cDiosa Cuatlicue\u201d y \u201cCaballero Jaguar\u201d a artesanas y artesanos de Oaxaca, y que decir de los concursos realizados para apoyar el arte joven creativo de Oaxaca, tal cual lo hiciera su mentor Roberto Don\u00eds en su momento; a trav\u00e9s de seis concursos con la Fundaci\u00f3n Friends Of Oaxacan Folk Art con sede en Nueva York dirigido a artesanos entre 14 y 35 a\u00f1os de edad, el concurso de arte joven auspiciado por Fomento Cultural Banamex con tres ediciones a artesanos de 18 a 45 a\u00f1os de edad.<br>En algunas comunidades ha sido gestor f\u00e9rreo de conservar el maravilloso \u201cTianguis tradicional\u201d, con la vendimia aut\u00f3ctona que nos caracteriza a los oaxaque\u00f1os y que en algunas comunidades de Oaxaca a\u00fan se conserva el \u201ctrueque\u201d.&nbsp;<\/p>\n\n\n\n<p>Por toda su trayectoria art\u00edstica creativa y su gran labor de gesti\u00f3n al fundar el Museo Estatal de Arte Popular \u201cOaxaca\u201d para beneficio de todo el gremio artesanal de Oaxaca, el Estado mexicano le brinda un merecido reconocimiento como Premio Nacional de Ciencias y Artes 2014 en el rubro de artes y tradiciones.<\/p>\n\n\n\n<p>Su contribuci\u00f3n no solo ha sido a trav\u00e9s de su trabajo reconocido en varios pa\u00edses; sino su inter\u00e9s por brindarle mejores condiciones a las y los artesanos que \u00e9l llega a considerar \u201csus hermanos\u201d y con voz quebrada siempre lo refiere \u201cya es justo que el arte del pueblo se le brinde el lugar que se merece, mujeres y hombres han dejado su vida en sus talleres, pero siguen presentes en sus obras y en la preservaci\u00f3n de esta memoria cultural que se niega a morir.<\/p>\n\n\n\n<p>(Informaci\u00f3n de \u201cLa Jornada\u201d)<\/p>\n","protected":false},"excerpt":{"rendered":"<p>Redacci\u00f3n\/Zona Roja. Oaxaca, Oax., a 6 de agosto de 2025.- Nace el 17 de agosto&hellip;<\/p>\n","protected":false},"author":2,"featured_media":83224,"comment_status":"closed","ping_status":"open","sticky":false,"template":"","format":"standard","meta":{"_lmt_disableupdate":"","_lmt_disable":"","_jetpack_memberships_contains_paid_content":false,"footnotes":""},"categories":[109,46],"tags":[4390],"class_list":["post-83223","post","type-post","status-publish","format-standard","has-post-thumbnail","hentry","category-minuto-a-minuto","category-zona-blanca","tag-carlomagno-pedro-martinez"],"jetpack_featured_media_url":"https:\/\/zonaroja.com.mx\/wp-content\/uploads\/2025\/08\/Carlomagno-Pedro.webp","jetpack_sharing_enabled":true,"_links":{"self":[{"href":"https:\/\/zonaroja.com.mx\/index.php?rest_route=\/wp\/v2\/posts\/83223","targetHints":{"allow":["GET"]}}],"collection":[{"href":"https:\/\/zonaroja.com.mx\/index.php?rest_route=\/wp\/v2\/posts"}],"about":[{"href":"https:\/\/zonaroja.com.mx\/index.php?rest_route=\/wp\/v2\/types\/post"}],"author":[{"embeddable":true,"href":"https:\/\/zonaroja.com.mx\/index.php?rest_route=\/wp\/v2\/users\/2"}],"replies":[{"embeddable":true,"href":"https:\/\/zonaroja.com.mx\/index.php?rest_route=%2Fwp%2Fv2%2Fcomments&post=83223"}],"version-history":[{"count":1,"href":"https:\/\/zonaroja.com.mx\/index.php?rest_route=\/wp\/v2\/posts\/83223\/revisions"}],"predecessor-version":[{"id":83225,"href":"https:\/\/zonaroja.com.mx\/index.php?rest_route=\/wp\/v2\/posts\/83223\/revisions\/83225"}],"wp:featuredmedia":[{"embeddable":true,"href":"https:\/\/zonaroja.com.mx\/index.php?rest_route=\/wp\/v2\/media\/83224"}],"wp:attachment":[{"href":"https:\/\/zonaroja.com.mx\/index.php?rest_route=%2Fwp%2Fv2%2Fmedia&parent=83223"}],"wp:term":[{"taxonomy":"category","embeddable":true,"href":"https:\/\/zonaroja.com.mx\/index.php?rest_route=%2Fwp%2Fv2%2Fcategories&post=83223"},{"taxonomy":"post_tag","embeddable":true,"href":"https:\/\/zonaroja.com.mx\/index.php?rest_route=%2Fwp%2Fv2%2Ftags&post=83223"}],"curies":[{"name":"wp","href":"https:\/\/api.w.org\/{rel}","templated":true}]}}