{"id":83226,"date":"2025-08-06T17:35:30","date_gmt":"2025-08-06T23:35:30","guid":{"rendered":"https:\/\/zonaroja.com.mx\/?p=83226"},"modified":"2025-08-06T17:35:32","modified_gmt":"2025-08-06T23:35:32","slug":"alienta-susana-harp-concierto-en-apoyo-a-damnificados-en-oaxaca","status":"publish","type":"post","link":"https:\/\/zonaroja.com.mx\/?p=83226","title":{"rendered":"Alienta Susana Harp concierto en apoyo a damnificados en Oaxaca"},"content":{"rendered":"\n<p>Lisbeth Mej\u00eda Reyes\/Zona Roja.<\/p>\n\n\n\n<p>Oaxaca, Oax., a 6 de agosto de 2025.- Con el lema de \u00ab\u00a1La Costa Chica se levanta con m\u00fasica!\u00bb, artistas mexicanos encabezados por la senadora Susana Harp se unen en un concierto a beneficio de comunidades de Oaxaca y Guerrero afectadas por el hurac\u00e1n \u00abErick\u00bb.\u00a0<\/p>\n\n\n\n<p>Ser\u00e1 el pr\u00f3ximo 17 de agosto, a las 17:30 horas, cuando se presenten en el Centro Cultural El Cantoral, Ciudad de M\u00e9xico.<\/p>\n\n\n\n<p>Este recital reunir\u00e1 a las cantantes Alejandra Robles, Regina Orozco, Astrid Hadad y Mar\u00eda In\u00e9s Am\u00e9zquita. Tambi\u00e9n al flautista Horacio Franco, al arpista paraguayo-mexicano Celso Duarte y a la compa\u00f1\u00eda de danza Alma Cimarrona.<\/p>\n\n\n\n<p>La organizaci\u00f3n de la actividad tambi\u00e9n se da con el apoyo de la senadora Susana Harp, seg\u00fan ha explicado la cantante Alejandra Robles en la conferencia de prensa realizada este martes en la Ciudad de M\u00e9xico.<\/p>\n\n\n\n<p>\u00abCreo que mi labor como cantante no es solamente pararme en un escenario y cantar sino de verdad poder ofrecerlo tambi\u00e9n; y estoy segura que mis compa\u00f1eros sienten exactamente lo mismo&#8230; Hablo a la senadora Susana Harp para podernos unir y hacer esto, hablo a mis compa\u00f1eros que todos con un coraz\u00f3n enorme decidieron donar su trabajo\u00bb, cont\u00f3 Robles.<\/p>\n\n\n\n<p>La cantante Astrid Hadad se\u00f1al\u00f3 que ante esta invitaci\u00f3n \u00abtodo mundo dijo s\u00ed a la primera sin pensar en nada m\u00e1s que ayudar\u00bb. El flautista Horacio Franco tambi\u00e9n se refiri\u00f3 a la manera en que las y los artistas pueden apoyar a la sociedad \u00aby de una manera total y absolutamente altruista, desinteresada, pero sobre todo consciente de que lo que hacemos puede transformar a una sociedad, a una determinada parte de la sociedad en cualquier circunstancia\u00bb.<\/p>\n\n\n\n<p>\u00abAlejandra Robles, cantante afro oaxaque\u00f1a, nos hace esta convocatoria y cada uno estamos tomando el espacio desde donde podemos apoyar\u00bb, expres\u00f3 la senadora Susana Harp.<\/p>\n\n\n\n<p>Fue el pasado 18 de junio cuando el hurac\u00e1n \u201cErick\u201d golpe\u00f3 las costas de Guerrero y Oaxaca, en la zona conocida como la Costa Chica, que abarca a poblaciones de ambos estados.&nbsp;<\/p>\n\n\n\n<p>El ojo del fen\u00f3meno entr\u00f3 por Corralero, una agencia afromexicana de Pinotepa Nacional, Oaxaca. Sin embargo, sus efectos han dejado estragos en al menos 68 comunidades de las dos entidades y en las que se estima que fueron afectadas m\u00e1s de 59 mil familias.<\/p>\n","protected":false},"excerpt":{"rendered":"<p>Lisbeth Mej\u00eda Reyes\/Zona Roja. Oaxaca, Oax., a 6 de agosto de 2025.- Con el lema&hellip;<\/p>\n","protected":false},"author":2,"featured_media":83210,"comment_status":"closed","ping_status":"open","sticky":false,"template":"","format":"standard","meta":{"_lmt_disableupdate":"","_lmt_disable":"","_jetpack_memberships_contains_paid_content":false,"footnotes":""},"categories":[109,46],"tags":[4342,1685],"class_list":["post-83226","post","type-post","status-publish","format-standard","has-post-thumbnail","hentry","category-minuto-a-minuto","category-zona-blanca","tag-huracan-erick","tag-susana-harp-iturribarria"],"jetpack_featured_media_url":"https:\/\/zonaroja.com.mx\/wp-content\/uploads\/2025\/08\/Susana-Harp-concierto-Costa.jpeg","jetpack_sharing_enabled":true,"_links":{"self":[{"href":"https:\/\/zonaroja.com.mx\/index.php?rest_route=\/wp\/v2\/posts\/83226","targetHints":{"allow":["GET"]}}],"collection":[{"href":"https:\/\/zonaroja.com.mx\/index.php?rest_route=\/wp\/v2\/posts"}],"about":[{"href":"https:\/\/zonaroja.com.mx\/index.php?rest_route=\/wp\/v2\/types\/post"}],"author":[{"embeddable":true,"href":"https:\/\/zonaroja.com.mx\/index.php?rest_route=\/wp\/v2\/users\/2"}],"replies":[{"embeddable":true,"href":"https:\/\/zonaroja.com.mx\/index.php?rest_route=%2Fwp%2Fv2%2Fcomments&post=83226"}],"version-history":[{"count":1,"href":"https:\/\/zonaroja.com.mx\/index.php?rest_route=\/wp\/v2\/posts\/83226\/revisions"}],"predecessor-version":[{"id":83227,"href":"https:\/\/zonaroja.com.mx\/index.php?rest_route=\/wp\/v2\/posts\/83226\/revisions\/83227"}],"wp:featuredmedia":[{"embeddable":true,"href":"https:\/\/zonaroja.com.mx\/index.php?rest_route=\/wp\/v2\/media\/83210"}],"wp:attachment":[{"href":"https:\/\/zonaroja.com.mx\/index.php?rest_route=%2Fwp%2Fv2%2Fmedia&parent=83226"}],"wp:term":[{"taxonomy":"category","embeddable":true,"href":"https:\/\/zonaroja.com.mx\/index.php?rest_route=%2Fwp%2Fv2%2Fcategories&post=83226"},{"taxonomy":"post_tag","embeddable":true,"href":"https:\/\/zonaroja.com.mx\/index.php?rest_route=%2Fwp%2Fv2%2Ftags&post=83226"}],"curies":[{"name":"wp","href":"https:\/\/api.w.org\/{rel}","templated":true}]}}