{"id":83228,"date":"2025-08-06T18:39:57","date_gmt":"2025-08-07T00:39:57","guid":{"rendered":"https:\/\/zonaroja.com.mx\/?p=83228"},"modified":"2025-08-06T18:39:59","modified_gmt":"2025-08-07T00:39:59","slug":"fortalece-gobierno-de-xoxocotlan-economia-local-y-el-comercio-formal","status":"publish","type":"post","link":"https:\/\/zonaroja.com.mx\/?p=83228","title":{"rendered":"Fortalece gobierno de Xoxocotl\u00e1n econom\u00eda local y el comercio formal"},"content":{"rendered":"\n<p>Redacci\u00f3n\/Zona Roja.<\/p>\n\n\n\n<p>Oaxaca, Oax., a 6 de agosto del 2025.- El gobierno municipal de Santa Cruz Xoxocotl\u00e1n llev\u00f3 a cabo la primera entrega de licencias y c\u00e9dulas comerciales 2025, con el objetivo de brindar certeza jur\u00eddica, fortalecer la formalidad e impulsar el desarrollo econ\u00f3mico local.<\/p>\n\n\n\n<p>En el acto encabezado por la presidenta municipal, Nancy Ben\u00edtez Z\u00e1rate, en compa\u00f1\u00eda de su Cabildo, a trav\u00e9s de la Direcci\u00f3n de Regulaci\u00f3n Empresarial y Actividad Comercial, se entregaron 458 licencias y c\u00e9dulas a comerciantes establecidos del municipio.&nbsp;<\/p>\n\n\n\n<p>Ben\u00edtez Z\u00e1rate destac\u00f3 que estos proyectos fortalecen la econom\u00eda local, generan empleo y contribuyen al desarrollo del municipio, por lo que su administraci\u00f3n trabaja en simplificar tr\u00e1mites, apoyar a las micro, peque\u00f1as y medianas empresas, as\u00ed como fomentar una cultura de emprendimiento sustentable e inclusiva.<\/p>\n\n\n\n<p>Asimismo, hizo un llamado a la ciudadan\u00eda para denunciar cualquier acto de corrupci\u00f3n relacionado con los tr\u00e1mites comerciales, reiterando que las puertas del gobierno municipal est\u00e1n abiertas para brindar atenci\u00f3n directa y transparente.<\/p>\n\n\n\n<p>\u201cLa licencia comercial que hoy reciben es resultado de su esfuerzo, planificaci\u00f3n y compromiso con la legalidad y la responsabilidad social que ustedes tienen con la sociedad y con este Ayuntamiento. Han cre\u00eddo en su potencial y decidido formar parte activa de este tejido productivo\u201d, destac\u00f3 la edil.<\/p>\n","protected":false},"excerpt":{"rendered":"<p>Redacci\u00f3n\/Zona Roja. Oaxaca, Oax., a 6 de agosto del 2025.- El gobierno municipal de Santa&hellip;<\/p>\n","protected":false},"author":2,"featured_media":83229,"comment_status":"closed","ping_status":"open","sticky":false,"template":"","format":"standard","meta":{"_lmt_disableupdate":"","_lmt_disable":"","_jetpack_memberships_contains_paid_content":false,"footnotes":""},"categories":[109,46],"tags":[133],"class_list":["post-83228","post","type-post","status-publish","format-standard","has-post-thumbnail","hentry","category-minuto-a-minuto","category-zona-blanca","tag-santa-cruz-xoxocotlan"],"jetpack_featured_media_url":"https:\/\/zonaroja.com.mx\/wp-content\/uploads\/2025\/08\/Xoxocotlan-fortalece-economia-local-con-entrega-de-licencias-y-cedulas-comerciales-1.jpeg","jetpack_sharing_enabled":true,"_links":{"self":[{"href":"https:\/\/zonaroja.com.mx\/index.php?rest_route=\/wp\/v2\/posts\/83228","targetHints":{"allow":["GET"]}}],"collection":[{"href":"https:\/\/zonaroja.com.mx\/index.php?rest_route=\/wp\/v2\/posts"}],"about":[{"href":"https:\/\/zonaroja.com.mx\/index.php?rest_route=\/wp\/v2\/types\/post"}],"author":[{"embeddable":true,"href":"https:\/\/zonaroja.com.mx\/index.php?rest_route=\/wp\/v2\/users\/2"}],"replies":[{"embeddable":true,"href":"https:\/\/zonaroja.com.mx\/index.php?rest_route=%2Fwp%2Fv2%2Fcomments&post=83228"}],"version-history":[{"count":1,"href":"https:\/\/zonaroja.com.mx\/index.php?rest_route=\/wp\/v2\/posts\/83228\/revisions"}],"predecessor-version":[{"id":83230,"href":"https:\/\/zonaroja.com.mx\/index.php?rest_route=\/wp\/v2\/posts\/83228\/revisions\/83230"}],"wp:featuredmedia":[{"embeddable":true,"href":"https:\/\/zonaroja.com.mx\/index.php?rest_route=\/wp\/v2\/media\/83229"}],"wp:attachment":[{"href":"https:\/\/zonaroja.com.mx\/index.php?rest_route=%2Fwp%2Fv2%2Fmedia&parent=83228"}],"wp:term":[{"taxonomy":"category","embeddable":true,"href":"https:\/\/zonaroja.com.mx\/index.php?rest_route=%2Fwp%2Fv2%2Fcategories&post=83228"},{"taxonomy":"post_tag","embeddable":true,"href":"https:\/\/zonaroja.com.mx\/index.php?rest_route=%2Fwp%2Fv2%2Ftags&post=83228"}],"curies":[{"name":"wp","href":"https:\/\/api.w.org\/{rel}","templated":true}]}}