{"id":8323,"date":"2020-02-02T07:59:53","date_gmt":"2020-02-02T13:59:53","guid":{"rendered":"http:\/\/www.zonaroja.com.mx\/?p=8323"},"modified":"2020-02-02T07:59:56","modified_gmt":"2020-02-02T13:59:56","slug":"suman-seis-militares-fallecidos-por-accidente-carretero-en-oaxaca","status":"publish","type":"post","link":"https:\/\/zonaroja.com.mx\/?p=8323","title":{"rendered":"Suman seis militares fallecidos por accidente carretero en Oaxaca"},"content":{"rendered":"\n<p>Redacci\u00f3n\/Zona Roja.<\/p>\n\n\n\n<p>Oaxaca de Ju\u00e1rez, Oax., 2 de febrero de\n2020.- Un sexo elemento del Ej\u00e9rcito Mexicano falleci\u00f3 ayer en un hospital de\nla capital de Oaxaca, confirm\u00f3 el secretario de la Defensa Nacional (Sedena),\nLuis Crescencio Sandoval Gonz\u00e1lez.<\/p>\n\n\n\n<p>A trav\u00e9s de las redes sociales, expres\u00f3\nsu pesar: \u201cLamentamos profundamente el sensible fallecimiento de nuestro\ncompa\u00f1ero de armas, el cabo conductor, quien perteneci\u00f3 al Sexto Regimiento de\nCaballer\u00eda Motorizada, Loma Bonita, Oaxaca, a consecuencia de las lesiones del\naccidente ocurrido el 27 de enero\u201d, difundi\u00f3.<\/p>\n\n\n\n<p>El lunes de la semana pasada, un cami\u00f3n\ntipo torton que trasladaba a militares de Loma Bonita a la VIII Regi\u00f3n con sede\nen Santa Mar\u00eda Ixcotel, Santa Luc\u00eda del Camino, volc\u00f3 en el kil\u00f3metro 158 de la\ncarretera Oaxaca-Tuxtepec.<\/p>\n\n\n\n<p>En el lugar perdieron la vida cinco\nelementos castrenses, en su mayor\u00eda originarios del estado de Veracruz, y al\nmenos 29 m\u00e1s resultaron lesionados.<\/p>\n\n\n\n<p>La sexta v\u00edctima fue identificada de\nmanera preliminar como Adolfo Cruz Octavo, originario de Loma Bonita, Oaxaca.<\/p>\n","protected":false},"excerpt":{"rendered":"<p>Redacci\u00f3n\/Zona Roja. Oaxaca de Ju\u00e1rez, Oax., 2 de febrero de 2020.- Un sexo elemento del&hellip;<\/p>\n","protected":false},"author":2,"featured_media":8131,"comment_status":"closed","ping_status":"open","sticky":false,"template":"","format":"standard","meta":{"_lmt_disableupdate":"","_lmt_disable":"","_jetpack_memberships_contains_paid_content":false,"footnotes":""},"categories":[109,47],"tags":[725],"class_list":["post-8323","post","type-post","status-publish","format-standard","has-post-thumbnail","hentry","category-minuto-a-minuto","category-zona-gris","tag-secretaria-de-la-defensa-nacional-sedena"],"jetpack_featured_media_url":"https:\/\/zonaroja.com.mx\/wp-content\/uploads\/2020\/01\/Accidente-Sedena-Guelatao-1.jpg","jetpack_sharing_enabled":true,"_links":{"self":[{"href":"https:\/\/zonaroja.com.mx\/index.php?rest_route=\/wp\/v2\/posts\/8323","targetHints":{"allow":["GET"]}}],"collection":[{"href":"https:\/\/zonaroja.com.mx\/index.php?rest_route=\/wp\/v2\/posts"}],"about":[{"href":"https:\/\/zonaroja.com.mx\/index.php?rest_route=\/wp\/v2\/types\/post"}],"author":[{"embeddable":true,"href":"https:\/\/zonaroja.com.mx\/index.php?rest_route=\/wp\/v2\/users\/2"}],"replies":[{"embeddable":true,"href":"https:\/\/zonaroja.com.mx\/index.php?rest_route=%2Fwp%2Fv2%2Fcomments&post=8323"}],"version-history":[{"count":1,"href":"https:\/\/zonaroja.com.mx\/index.php?rest_route=\/wp\/v2\/posts\/8323\/revisions"}],"predecessor-version":[{"id":8324,"href":"https:\/\/zonaroja.com.mx\/index.php?rest_route=\/wp\/v2\/posts\/8323\/revisions\/8324"}],"wp:featuredmedia":[{"embeddable":true,"href":"https:\/\/zonaroja.com.mx\/index.php?rest_route=\/wp\/v2\/media\/8131"}],"wp:attachment":[{"href":"https:\/\/zonaroja.com.mx\/index.php?rest_route=%2Fwp%2Fv2%2Fmedia&parent=8323"}],"wp:term":[{"taxonomy":"category","embeddable":true,"href":"https:\/\/zonaroja.com.mx\/index.php?rest_route=%2Fwp%2Fv2%2Fcategories&post=8323"},{"taxonomy":"post_tag","embeddable":true,"href":"https:\/\/zonaroja.com.mx\/index.php?rest_route=%2Fwp%2Fv2%2Ftags&post=8323"}],"curies":[{"name":"wp","href":"https:\/\/api.w.org\/{rel}","templated":true}]}}