{"id":83231,"date":"2025-08-06T19:24:45","date_gmt":"2025-08-07T01:24:45","guid":{"rendered":"https:\/\/zonaroja.com.mx\/?p=83231"},"modified":"2025-08-06T19:24:47","modified_gmt":"2025-08-07T01:24:47","slug":"denuncian-desalojo-violento-de-estudiantes-y-saqueo-a-tienda-de-abarrotes","status":"publish","type":"post","link":"https:\/\/zonaroja.com.mx\/?p=83231","title":{"rendered":"Denuncian desalojo violento de estudiantes y saqueo a tienda de abarrotes"},"content":{"rendered":"\n<p>Raymundo Morales\/Zona Roja.<\/p>\n\n\n\n<p>Oaxaca, Oax., 6 de agosto de 2025.- Estudiantes afiliados al movimiento Antorcha Campesina denunciaron un desalojo violento del albergue \u201cVillas de Monte Alb\u00e1n\u201d, en la agencia de San Mart\u00edn Mexic\u00e1pam de la capital de Oaxaca, por parte de presuntos porros.<\/p>\n\n\n\n<p>Asimismo, la propietaria de un negocio adjunto, denominado \u201cSuper Mass\u201d, se\u00f1al\u00f3 que la mismas personas saquearon su negocio y se llevaron alrededor de 500 mil pesos entre mercanc\u00eda, dinero y otros objetos de valor.<\/p>\n\n\n\n<p>Ambas partes acudieron hoy a la Fiscal\u00eda General del Estado de Oaxaca a interponer su denuncia, con la finalidad de que se indaguen los hechos.<\/p>\n\n\n\n<p>Blanca L\u00f3pez, encargada del local comercial ubicado en la carretera antigua a Monte Alb\u00e1n, colonia del mismo nombre, detall\u00f3 en conferencia de prensa sobre el robo violento, alrededor de las 21:00 horas.<\/p>\n\n\n\n<p>\u201cEntraron 15 hombres encapuchados, con armas, sin ninguna presentaci\u00f3n, argumentando que ten\u00edan \u00f3rdenes de desalojarnos, sacaron la mercanc\u00eda, da\u00f1aron los productos y los muebles; robaron equipos de c\u00f3mputo, muebles, la caja fuerte, sin ninguna orden\u201d, expuso.<\/p>\n\n\n\n<p>Posteriormente llegaron las autoridades, as\u00ed como el agente de San Mart\u00edn Mexic\u00e1pam, \u00c1ngel Silva, pero no intervinieron y se comportaron como si protegieran a los presuntos delincuentes.<\/p>\n\n\n\n<p>Por su parte, el estudiante Oswaldo Mart\u00ednez, responsable del albergue, expuso fueron como vecinos a apoyar el hecho violento contra el local comercial pero en respuesta, tambi\u00e9n fue saqueado el lugar en que se resguardan, tambi\u00e9n por parte de personas encapuchadas.<\/p>\n\n\n\n<p>Tras ello, la Fiscal\u00eda General del Estado inform\u00f3 que recibi\u00f3 la denuncia y acudi\u00f3 de inmediato a investigar los hechos.<\/p>\n\n\n\n<p>Asimismo, a trav\u00e9s de la Vicefiscal\u00eda Regional de Valles Centrales brinda acompa\u00f1amiento y atenci\u00f3n integral, adem\u00e1s de llevar a cabo las indagatorias en el lugar, para realizar una investigaci\u00f3n que considere todo el contexto de los hechos.<\/p>\n\n\n\n<p>\u201cLa Fiscal\u00eda General del Estado de Oaxaca reitera su compromiso para esclarecer todo tipo de delitos, aplicando las herramientas legales para castigar a quien o quienes resulten responsables\u201d, expuso en un comunicado.<\/p>\n\n\n\n<figure class=\"wp-block-embed is-type-rich is-provider-twitter wp-block-embed-twitter\"><div class=\"wp-block-embed__wrapper\">\n<div class=\"twitter-tweet\"><blockquote class=\"twitter-tweet\" data-lang=\"es\"><p lang=\"es\" dir=\"ltr\">En conferencia de prensa en la capital, confirman el desalojo violento contra estudiantes afiliados a Antorcha Campesina, ocurrido en la agencia de San Mart\u00edn Mexic\u00e1pam, cuyo agente \u00c1ngel Silva estuvo presente y no hizo nada para detener la agresi\u00f3n de \u201cporros\u201d.<br><br>Pero adem\u00e1s,\u2026 <a href=\"https:\/\/t.co\/qgCNk42ePY\">pic.twitter.com\/qgCNk42ePY<\/a><\/p>&mdash; Zona Roja Oaxaca (@ZonaRoja_Oaxaca) <a href=\"https:\/\/twitter.com\/ZonaRoja_Oaxaca\/status\/1953160902485705186?ref_src=twsrc%5Etfw\">6 de agosto de 2025<\/a><\/blockquote><\/div>\n<\/div><\/figure>\n","protected":false},"excerpt":{"rendered":"<p>Raymundo Morales\/Zona Roja. Oaxaca, Oax., 6 de agosto de 2025.- Estudiantes afiliados al movimiento Antorcha&hellip;<\/p>\n","protected":false},"author":2,"featured_media":83232,"comment_status":"closed","ping_status":"open","sticky":false,"template":"","format":"standard","meta":{"_lmt_disableupdate":"","_lmt_disable":"","_jetpack_memberships_contains_paid_content":false,"footnotes":""},"categories":[109,47],"tags":[148],"class_list":["post-83231","post","type-post","status-publish","format-standard","has-post-thumbnail","hentry","category-minuto-a-minuto","category-zona-gris","tag-oaxaca-de-juarez"],"jetpack_featured_media_url":"https:\/\/zonaroja.com.mx\/wp-content\/uploads\/2025\/08\/Desalojo-albergue-y-tienda-San-Martin-Mexicapam.jpg","jetpack_sharing_enabled":true,"_links":{"self":[{"href":"https:\/\/zonaroja.com.mx\/index.php?rest_route=\/wp\/v2\/posts\/83231","targetHints":{"allow":["GET"]}}],"collection":[{"href":"https:\/\/zonaroja.com.mx\/index.php?rest_route=\/wp\/v2\/posts"}],"about":[{"href":"https:\/\/zonaroja.com.mx\/index.php?rest_route=\/wp\/v2\/types\/post"}],"author":[{"embeddable":true,"href":"https:\/\/zonaroja.com.mx\/index.php?rest_route=\/wp\/v2\/users\/2"}],"replies":[{"embeddable":true,"href":"https:\/\/zonaroja.com.mx\/index.php?rest_route=%2Fwp%2Fv2%2Fcomments&post=83231"}],"version-history":[{"count":1,"href":"https:\/\/zonaroja.com.mx\/index.php?rest_route=\/wp\/v2\/posts\/83231\/revisions"}],"predecessor-version":[{"id":83233,"href":"https:\/\/zonaroja.com.mx\/index.php?rest_route=\/wp\/v2\/posts\/83231\/revisions\/83233"}],"wp:featuredmedia":[{"embeddable":true,"href":"https:\/\/zonaroja.com.mx\/index.php?rest_route=\/wp\/v2\/media\/83232"}],"wp:attachment":[{"href":"https:\/\/zonaroja.com.mx\/index.php?rest_route=%2Fwp%2Fv2%2Fmedia&parent=83231"}],"wp:term":[{"taxonomy":"category","embeddable":true,"href":"https:\/\/zonaroja.com.mx\/index.php?rest_route=%2Fwp%2Fv2%2Fcategories&post=83231"},{"taxonomy":"post_tag","embeddable":true,"href":"https:\/\/zonaroja.com.mx\/index.php?rest_route=%2Fwp%2Fv2%2Ftags&post=83231"}],"curies":[{"name":"wp","href":"https:\/\/api.w.org\/{rel}","templated":true}]}}