{"id":83241,"date":"2025-08-07T08:15:00","date_gmt":"2025-08-07T14:15:00","guid":{"rendered":"https:\/\/zonaroja.com.mx\/?p=83241"},"modified":"2025-08-07T06:51:37","modified_gmt":"2025-08-07T12:51:37","slug":"inicia-congreso-consulta-para-nueva-ley-para-el-bienestar-de-las-juventudes","status":"publish","type":"post","link":"https:\/\/zonaroja.com.mx\/?p=83241","title":{"rendered":"Inicia Congreso consulta para nueva Ley para el Bienestar de las Juventudes"},"content":{"rendered":"\n<p>Redacci\u00f3n\/Zona Roja.<\/p>\n\n\n\n<p>Oaxaca, Oax., a 7 de agosto de 2025.- Con la instalaci\u00f3n de cinco mesas de trabajo, el Congreso del Estado inici\u00f3 la consulta de la nueva Ley para el Bienestar de las Juventudes Oaxaque\u00f1as, en la que tendr\u00e1n cabida las voces y opiniones de j\u00f3venes, colectivos de organizaciones civiles, instituciones acad\u00e9micas y representantes comunitarios, quienes se sumar\u00e1n con propuestas para enriquecer este nuevo marco jur\u00eddico acorde a las necesidades de esta poblaci\u00f3n.<\/p>\n\n\n\n<p>La actividad realizada en el marco del Mes de la Juventud y D\u00eda Mundial de la Juventud -a celebrarse el pr\u00f3ximo 12 de agosto-, fue encabezada por el diputado Benjam\u00edn Viveros Montalvo, presidente de la Junta de Coordinaci\u00f3n Pol\u00edtica (Jucopo), as\u00ed como las diputadas M\u00f3nica Bel\u00e9n L\u00f3pez Javier, Vanessa Rub\u00ed Ojeda Mej\u00eda y Sandra Daniela Taurino Jim\u00e9nez.<\/p>\n\n\n\n<p>En su intervenci\u00f3n, la legisladora Sandra Daniela Taurino Jim\u00e9nez reafirm\u00f3 el compromiso de la actual legislatura, conformada principalmente por personas j\u00f3venes, con la inclusi\u00f3n activa de este sector.<\/p>\n\n\n\n<p>Resalt\u00f3 el hecho de que por primera vez en Oaxaca se comienzan los trabajos para elaborar una ley centrada en las necesidades y aspiraciones de la poblaci\u00f3n joven, y mencion\u00f3 los avances logrados como la implementaci\u00f3n de programas como la Tarjeta Joven y Mi Primera Chamba.<\/p>\n\n\n\n<p>La congresista Vanessa Rub\u00ed Ojeda Mej\u00eda destac\u00f3 la importancia de generar espacios de di\u00e1logo y participaci\u00f3n activa con las y los j\u00f3venes, donde \u00e9stos puedan expresar sus inquietudes, dudas e iniciativas. Llam\u00f3 a reflexionar y fortalecer los v\u00ednculos entre la sociedad y el Poder Legislativo para construir en conjunto una agenda incluyente.<\/p>\n\n\n\n<p>Por su parte, la diputada M\u00f3nica Bel\u00e9n L\u00f3pez Javier sostuvo que escuchar y trabajar de la mano con las y los j\u00f3venes representa una responsabilidad y obligaci\u00f3n que quienes conforman el Parlamento tienen que asumir con compromiso y sensibilidad, pues como representantes populares tienen la labor de abrir caminos, hacer pol\u00edtica con sentido, conciencia y bienestar colectivo.<\/p>\n\n\n\n<p>Mencion\u00f3 que muchas juventudes enfrentan desigualdades profundas que se reflejan en discriminaci\u00f3n por identidad, en la falta de oportunidades laborales, en obst\u00e1culos para acceder a los servicios de salud y a los espacios culturales, por ello, se pronunci\u00f3 por impulsar leyes que reconozcan la diversidad, los derechos y el poder transformador, \u201cporque una juventud bien cuidada y respaldada es una juventud con futuro\u201d.<\/p>\n\n\n\n<p>Al inaugurar esta jornada, el diputado Benjam\u00edn Viveros Montalvo celebr\u00f3 que el actual r\u00e9gimen de gobierno est\u00e9 dando mejores y m\u00e1s oportunidades, priorizando a los grupos minoritarios que nunca fueron tomados en cuenta en el pasado, tal es el caso del sector juvenil, as\u00ed como los pueblos y comunidades ind\u00edgenas y afromexicanas.<\/p>\n\n\n\n<p>Consider\u00f3 esencial que las juventudes se organicen, generen debates y contribuyan con sus aportaciones al enriquecimiento de esta Nueva Ley para el Bienestar de las Juventudes Oaxaque\u00f1as que se ir\u00e1 construyendo con sus propuestas y visi\u00f3n, adem\u00e1s, que impactar\u00e1 positivamente no solo a las generaciones presentes, sino a las venideras.<\/p>\n\n\n\n<p>Y se reflejar\u00e1, en mejores condiciones de vida y en los programas sociales \u201cporque el compromiso que hemos hecho es generar m\u00e1s oportunidades para todas y todos\u201d, subray\u00f3, al tiempo de hacer el llamado a participar en las Mesas de Trabajo y foros de consulta que se realizar\u00e1n en los distritos, pues es necesario que se involucren en la toma de decisiones p\u00fablicas y abonen a la construcci\u00f3n de un marco normativo m\u00e1s robusto e integral.<\/p>\n\n\n\n<p>Fueron instaladas cinco mesas de trabajo con las siguientes tem\u00e1ticas: Mesa 1, Fundamentos y Principios de la Ley; Mesa 2, Derechos de las Juventudes; Mesa 3, Autoridades en materia de Juventudes y Sistema para el Bienestar de las Juventudes Oaxaque\u00f1as; Mesa 4, Pol\u00edticas P\u00fablicas y Oferta Institucional; y Mesa 5, Denuncias, Responsabilidades y Mecanismos de Cumplimiento.<\/p>\n","protected":false},"excerpt":{"rendered":"<p>Redacci\u00f3n\/Zona Roja. Oaxaca, Oax., a 7 de agosto de 2025.- Con la instalaci\u00f3n de cinco&hellip;<\/p>\n","protected":false},"author":2,"featured_media":83242,"comment_status":"closed","ping_status":"open","sticky":false,"template":"","format":"standard","meta":{"_lmt_disableupdate":"","_lmt_disable":"","_jetpack_memberships_contains_paid_content":false,"footnotes":""},"categories":[109,46],"tags":[303],"class_list":["post-83241","post","type-post","status-publish","format-standard","has-post-thumbnail","hentry","category-minuto-a-minuto","category-zona-blanca","tag-congreso-del-estado-de-oaxaca"],"jetpack_featured_media_url":"https:\/\/zonaroja.com.mx\/wp-content\/uploads\/2025\/08\/Dip-Benjamin-Viveros-Montalvo_.jpeg","jetpack_sharing_enabled":true,"_links":{"self":[{"href":"https:\/\/zonaroja.com.mx\/index.php?rest_route=\/wp\/v2\/posts\/83241","targetHints":{"allow":["GET"]}}],"collection":[{"href":"https:\/\/zonaroja.com.mx\/index.php?rest_route=\/wp\/v2\/posts"}],"about":[{"href":"https:\/\/zonaroja.com.mx\/index.php?rest_route=\/wp\/v2\/types\/post"}],"author":[{"embeddable":true,"href":"https:\/\/zonaroja.com.mx\/index.php?rest_route=\/wp\/v2\/users\/2"}],"replies":[{"embeddable":true,"href":"https:\/\/zonaroja.com.mx\/index.php?rest_route=%2Fwp%2Fv2%2Fcomments&post=83241"}],"version-history":[{"count":1,"href":"https:\/\/zonaroja.com.mx\/index.php?rest_route=\/wp\/v2\/posts\/83241\/revisions"}],"predecessor-version":[{"id":83243,"href":"https:\/\/zonaroja.com.mx\/index.php?rest_route=\/wp\/v2\/posts\/83241\/revisions\/83243"}],"wp:featuredmedia":[{"embeddable":true,"href":"https:\/\/zonaroja.com.mx\/index.php?rest_route=\/wp\/v2\/media\/83242"}],"wp:attachment":[{"href":"https:\/\/zonaroja.com.mx\/index.php?rest_route=%2Fwp%2Fv2%2Fmedia&parent=83241"}],"wp:term":[{"taxonomy":"category","embeddable":true,"href":"https:\/\/zonaroja.com.mx\/index.php?rest_route=%2Fwp%2Fv2%2Fcategories&post=83241"},{"taxonomy":"post_tag","embeddable":true,"href":"https:\/\/zonaroja.com.mx\/index.php?rest_route=%2Fwp%2Fv2%2Ftags&post=83241"}],"curies":[{"name":"wp","href":"https:\/\/api.w.org\/{rel}","templated":true}]}}