{"id":83247,"date":"2025-08-07T10:15:00","date_gmt":"2025-08-07T16:15:00","guid":{"rendered":"https:\/\/zonaroja.com.mx\/?p=83247"},"modified":"2025-08-07T07:09:32","modified_gmt":"2025-08-07T13:09:32","slug":"reanuda-eu-redadas-contra-migrantes-pese-a-orden-de-juez","status":"publish","type":"post","link":"https:\/\/zonaroja.com.mx\/?p=83247","title":{"rendered":"Reanuda EU redadas contra migrantes, pese a orden de juez"},"content":{"rendered":"\n<p>Redacci\u00f3n\/Zona Roja Cdmx.<\/p>\n\n\n\n<p>Ciudad de M\u00e9xico, a 7 de agosto de 2025.- Agentes de la Patrulla Fronteriza de Estados Unidos salieron de la parte trasera de un cami\u00f3n de alquiler para realizar arrestos el mi\u00e9rcoles en una tienda Home Depot de Los \u00c1ngeles, una redada migratoria que un funcionario de la agencia llam\u00f3 \u00abOperaci\u00f3n Caballo de Troya\u00bb.<\/p>\n\n\n\n<p>El operativo de primeras horas de la ma\u00f1ana cerca del centro de Los \u00c1ngeles se produjo apenas d\u00edas despu\u00e9s de que un tribunal federal de apelaciones ratific\u00f3 la orden de un juez federal que proh\u00edbe al gobierno del presidente Donald Trump llevar a cabo detenciones y arrestos indiscriminados en materia de inmigraci\u00f3n en el sur de California.<\/p>\n\n\n\n<p>\u201cPara aquellos que pensaban que la aplicaci\u00f3n de las leyes de inmigraci\u00f3n hab\u00eda cesado en el sur de California, pi\u00e9nsenlo de nuevo\u201d, se\u00f1al\u00f3 el fiscal federal interino, Bill Essayli, en la red social X despu\u00e9s de la redada. \u00abLa aplicaci\u00f3n de las leyes federales no es negociable y no hay santuarios fuera del alcance del gobierno federal\u00bb.<\/p>\n\n\n\n<p>El Departamento de Seguridad Nacional (DHS por sus iniciales en ingl\u00e9s) no respondi\u00f3 a mensajes en busca de detalles sobre el operativo, incluyendo el n\u00famero de personas que fueron arrestadas. El jefe del sector de la Patrulla Fronteriza, Greg Bovino, republic\u00f3 en X reportes de Fox News sobre los arrestos del mi\u00e9rcoles, refiri\u00e9ndose a las acciones como \u00abOperaci\u00f3n Caballo de Troya\u00bb.<\/p>\n\n\n\n<p>Fotograf\u00edas publicadas en redes sociales mostraban el momento en que se abr\u00eda la puerta trasera del cami\u00f3n de alquiler de Penske, mientras sal\u00edan varios agentes uniformados y armados. Un portavoz de Penske Truck Rental dijo que la compa\u00f1\u00eda inici\u00f3 una investigaci\u00f3n sobre el uso de sus veh\u00edculos por parte de funcionarios federales, asegurando que sus regulaciones proh\u00edben transportar personas en los compartimientos de carga.<\/p>\n\n\n\n<p>\u201cLa compa\u00f1\u00eda no fue informada que sus camiones ser\u00edan utilizados en el operativo de hoy y no autoriz\u00f3 esto\u201d, indic\u00f3 el portavoz Randolph P. Ryerson en un correo electr\u00f3nico. \u00abPenske se pondr\u00e1 en contacto con el DHS y reforzar\u00e1 su pol\u00edtica para evitar el uso indebido de sus veh\u00edculos en el futuro\u00bb.<\/p>\n\n\n\n<p>CAMPO DE BATALLA<\/p>\n\n\n\n<p>Desde junio, la regi\u00f3n de Los \u00c1ngeles se ha convertido en un campo de batalla en la agresiva estrategia migratoria de la Casa Blanca, la cual desat\u00f3 protestas y el despliegue de la Guardia Nacional y marines durante m\u00e1s de un mes. Agentes federales han detenido a inmigrantes sin estatus legal para estar en Estados Unidos en tiendas Home Depot, autolavados, paradas de autob\u00fas y granjas. Durante las redadas tambi\u00e9n se ha detenido a algunos ciudadanos estadounidenses.<\/p>\n\n\n\n<p>Lupe Carrasco Cardona, educadora de Uni\u00f3n del Barrio, dijo que miembros de su grupo activista realizaban un patrullaje de rutina en el Home Depot la ma\u00f1ana del lunes cuando vieron a un cami\u00f3n de Penske entrar al estacionamiento, ofreciendo trabajo para los jornaleros que estaban en el lugar. Trabajadores inmigrantes, algunos con estatus legal y otros sin \u00e9l, a menudo esperan en los estacionamientos de Home Depot para ser contratados para diversos trabajos.<\/p>\n\n\n\n<p>\u201cAbrieron la parte trasera, saltaron y comenzaron a agarrar gente indiscriminadamente\u201d, declar\u00f3 Cardona.<\/p>\n\n\n\n<p>Poco despu\u00e9s llegaron furgonetas blancas sin insignias y con agentes de la Oficina de Aduanas y Protecci\u00f3n Fronteriza de Estados Unidos (CBP por sus iniciales en ingl\u00e9s) para participar en la operaci\u00f3n, indic\u00f3 Cardona. La organizaci\u00f3n ha identificado a tres vendedores ambulantes y cuatro jornaleros que fueron arrestados, pero a\u00fan intentan dar cuenta de otros. Familiares dijeron que un vendedor ambulante trat\u00f3 de demostrar que contaba con asilo antes de que fuera arrestado, a\u00f1adi\u00f3.<\/p>\n\n\n\n<p>El mes pasado, un juez federal prohibi\u00f3 temporalmente a los agentes federales usar perfiles raciales para llevar a cabo arrestos indiscriminados despu\u00e9s de que la ACLU, Public Counsel y otros grupos de defensa interpusieron una demanda contra estas pr\u00e1cticas. Los abogados del gobierno argumentaron que la orden impide que los agentes apliquen las leyes de inmigraci\u00f3n, pero el Tribunal Federal de Apelaciones del 9\u00ba Circuito ratific\u00f3 la orden el viernes.<\/p>\n\n\n\n<p>Tricia McLaughlin, subsecretaria de Seguridad Nacional, ha dicho previamente que \u00ablas operaciones de aplicaci\u00f3n son altamente espec\u00edficas\u00bb.<\/p>\n\n\n\n<p>La National Day Laborer Organizing Network conden\u00f3 la redada del mi\u00e9rcoles, se\u00f1alando que los trabajadores que son objeto de los operativos son la columna vertebral de la econom\u00eda local.<\/p>\n\n\n\n<p>\u201cLa redada de hoy llevada a cabo por agentes con sombreros vaqueros que salen de una vagoneta alquilada con un equipo de televisi\u00f3n a sus espaldas, representa una peligrosa escalada en el asalto del gobierno de Trump contralas comunidades inmigrantes, los tribunales y la gente de Los \u00c1ngeles\u201d, se\u00f1al\u00f3 Pablo Alvarado, codirector ejecutivo del grupo.<\/p>\n\n\n\n<p>(Informaci\u00f3n de \u201cEl Independiente\u201d en espa\u00f1ol)<\/p>\n","protected":false},"excerpt":{"rendered":"<p>Redacci\u00f3n\/Zona Roja Cdmx. Ciudad de M\u00e9xico, a 7 de agosto de 2025.- Agentes de la&hellip;<\/p>\n","protected":false},"author":2,"featured_media":83248,"comment_status":"closed","ping_status":"open","sticky":false,"template":"","format":"standard","meta":{"_lmt_disableupdate":"","_lmt_disable":"","_jetpack_memberships_contains_paid_content":false,"footnotes":""},"categories":[109,47],"tags":[4332],"class_list":["post-83247","post","type-post","status-publish","format-standard","has-post-thumbnail","hentry","category-minuto-a-minuto","category-zona-gris","tag-redada-de-migrantes-estados-unidos"],"jetpack_featured_media_url":"https:\/\/zonaroja.com.mx\/wp-content\/uploads\/2025\/08\/Redadas-migrantes-Los-Angeles.jpeg","jetpack_sharing_enabled":true,"_links":{"self":[{"href":"https:\/\/zonaroja.com.mx\/index.php?rest_route=\/wp\/v2\/posts\/83247","targetHints":{"allow":["GET"]}}],"collection":[{"href":"https:\/\/zonaroja.com.mx\/index.php?rest_route=\/wp\/v2\/posts"}],"about":[{"href":"https:\/\/zonaroja.com.mx\/index.php?rest_route=\/wp\/v2\/types\/post"}],"author":[{"embeddable":true,"href":"https:\/\/zonaroja.com.mx\/index.php?rest_route=\/wp\/v2\/users\/2"}],"replies":[{"embeddable":true,"href":"https:\/\/zonaroja.com.mx\/index.php?rest_route=%2Fwp%2Fv2%2Fcomments&post=83247"}],"version-history":[{"count":1,"href":"https:\/\/zonaroja.com.mx\/index.php?rest_route=\/wp\/v2\/posts\/83247\/revisions"}],"predecessor-version":[{"id":83249,"href":"https:\/\/zonaroja.com.mx\/index.php?rest_route=\/wp\/v2\/posts\/83247\/revisions\/83249"}],"wp:featuredmedia":[{"embeddable":true,"href":"https:\/\/zonaroja.com.mx\/index.php?rest_route=\/wp\/v2\/media\/83248"}],"wp:attachment":[{"href":"https:\/\/zonaroja.com.mx\/index.php?rest_route=%2Fwp%2Fv2%2Fmedia&parent=83247"}],"wp:term":[{"taxonomy":"category","embeddable":true,"href":"https:\/\/zonaroja.com.mx\/index.php?rest_route=%2Fwp%2Fv2%2Fcategories&post=83247"},{"taxonomy":"post_tag","embeddable":true,"href":"https:\/\/zonaroja.com.mx\/index.php?rest_route=%2Fwp%2Fv2%2Ftags&post=83247"}],"curies":[{"name":"wp","href":"https:\/\/api.w.org\/{rel}","templated":true}]}}