{"id":83262,"date":"2025-08-07T12:17:00","date_gmt":"2025-08-07T18:17:00","guid":{"rendered":"https:\/\/zonaroja.com.mx\/?p=83262"},"modified":"2025-08-07T08:30:07","modified_gmt":"2025-08-07T14:30:07","slug":"indagan-probable-feminicidio-en-zimatlan-oaxaca","status":"publish","type":"post","link":"https:\/\/zonaroja.com.mx\/?p=83262","title":{"rendered":"Indagan probable feminicidio en Zimatl\u00e1n, Oaxaca"},"content":{"rendered":"\n<p>Ismael Garc\u00eda M.\/Zona Roja.<\/p>\n\n\n\n<p>Oaxaca, Oax., a 7 de agosto de 2025.- Bajo los protocolos de feminicidio, la Fiscal\u00eda General del Estado de Oaxaca indaga la muerte de una mujer, ocurrido en jurisdicci\u00f3n del municipio de Zimatl\u00e1n de \u00c1lvarez.<\/p>\n\n\n\n<p>El cuerpo fue localizado la tarde del domingo a un costado de la carretera federal 131 Oaxaca-Puerto Escondido, a la altura del barrio La Expiraci\u00f3n.<\/p>\n\n\n\n<p>Fue identificada como Drucila L. P., trabajadora de un bar de la zona, cuyo cuerpo presentaba varios impactos de arma de fuego por lo cual se indaga el probable feminicidio.<\/p>\n\n\n\n<p>EN ATZOMPA<\/p>\n\n\n\n<p>Por otra parte, la tarde de ayer mi\u00e9rcoles fue localizado un cuerpo sin vida en jurisdicci\u00f3n de Santa Mar\u00eda Aztompa, en la zona metropolitana de la capital.<\/p>\n\n\n\n<p>Presuntamente se trata de un hombre, que se encontraba maniatado y con huellas de tortura; estaba semidevordado por la fauna canina del lugar.<\/p>\n\n\n\n<p>Fue cerca de la agencia Las Minas, camino a San Pedro Ixtlahuaca en que fue localizado el cuerpo, cuyo caso ya investiga la Fiscal\u00eda General del Estado.<\/p>\n\n\n\n<p>EN PANIXTLAHUACA<\/p>\n\n\n\n<p>Por otra parte, el pasado lunes fueron asesinados dos hermanos en jurisdicci\u00f3n del municipio de San Miguel Panixtlahuaca, distrito de Juquila, regi\u00f3n de la Costa.<\/p>\n\n\n\n<p>Las v\u00edctimas fueron identificadas como Ismael G. y Marcos G., cuyos cuerpos presentan impactos de arma de fuego, algunos de ellos con arma de grueso calibre. Hasta el momento se desconoce el m\u00f3vil del doble homicidio.<\/p>\n","protected":false},"excerpt":{"rendered":"<p>Ismael Garc\u00eda M.\/Zona Roja. Oaxaca, Oax., a 7 de agosto de 2025.- Bajo los protocolos&hellip;<\/p>\n","protected":false},"author":2,"featured_media":68132,"comment_status":"closed","ping_status":"open","sticky":false,"template":"","format":"standard","meta":{"_lmt_disableupdate":"","_lmt_disable":"","_jetpack_memberships_contains_paid_content":false,"footnotes":""},"categories":[109,51],"tags":[610,802],"class_list":["post-83262","post","type-post","status-publish","format-standard","has-post-thumbnail","hentry","category-minuto-a-minuto","category-zona-roja","tag-feminicidios-oaxaca","tag-zimatlan-de-alvarez"],"jetpack_featured_media_url":"https:\/\/zonaroja.com.mx\/wp-content\/uploads\/2024\/05\/Feminicidio-asesinato-mujer.jpeg","jetpack_sharing_enabled":true,"_links":{"self":[{"href":"https:\/\/zonaroja.com.mx\/index.php?rest_route=\/wp\/v2\/posts\/83262","targetHints":{"allow":["GET"]}}],"collection":[{"href":"https:\/\/zonaroja.com.mx\/index.php?rest_route=\/wp\/v2\/posts"}],"about":[{"href":"https:\/\/zonaroja.com.mx\/index.php?rest_route=\/wp\/v2\/types\/post"}],"author":[{"embeddable":true,"href":"https:\/\/zonaroja.com.mx\/index.php?rest_route=\/wp\/v2\/users\/2"}],"replies":[{"embeddable":true,"href":"https:\/\/zonaroja.com.mx\/index.php?rest_route=%2Fwp%2Fv2%2Fcomments&post=83262"}],"version-history":[{"count":1,"href":"https:\/\/zonaroja.com.mx\/index.php?rest_route=\/wp\/v2\/posts\/83262\/revisions"}],"predecessor-version":[{"id":83263,"href":"https:\/\/zonaroja.com.mx\/index.php?rest_route=\/wp\/v2\/posts\/83262\/revisions\/83263"}],"wp:featuredmedia":[{"embeddable":true,"href":"https:\/\/zonaroja.com.mx\/index.php?rest_route=\/wp\/v2\/media\/68132"}],"wp:attachment":[{"href":"https:\/\/zonaroja.com.mx\/index.php?rest_route=%2Fwp%2Fv2%2Fmedia&parent=83262"}],"wp:term":[{"taxonomy":"category","embeddable":true,"href":"https:\/\/zonaroja.com.mx\/index.php?rest_route=%2Fwp%2Fv2%2Fcategories&post=83262"},{"taxonomy":"post_tag","embeddable":true,"href":"https:\/\/zonaroja.com.mx\/index.php?rest_route=%2Fwp%2Fv2%2Ftags&post=83262"}],"curies":[{"name":"wp","href":"https:\/\/api.w.org\/{rel}","templated":true}]}}