{"id":83267,"date":"2025-08-07T20:46:03","date_gmt":"2025-08-08T02:46:03","guid":{"rendered":"https:\/\/zonaroja.com.mx\/?p=83267"},"modified":"2025-08-07T20:46:05","modified_gmt":"2025-08-08T02:46:05","slug":"en-edomex-secuestran-y-matan-a-nino-por-deuda-de-sus-padres","status":"publish","type":"post","link":"https:\/\/zonaroja.com.mx\/?p=83267","title":{"rendered":"En Edomex, secuestran y matan a ni\u00f1o por deuda de sus padres\u00a0"},"content":{"rendered":"\n<p>Redacci\u00f3n\/Zona Roja Cdmx.<\/p>\n\n\n\n<p>Ciudad de M\u00e9xico, a 7 de agosto de 2025.- Un ni\u00f1o de cinco a\u00f1os de edad fue asesinado al sur del Estado de M\u00e9xico, derivado de una deuda de su madre y padrastro, quienes deb\u00edan mil pesos.<\/p>\n\n\n\n<p>Los hechos ocurrieron en la&nbsp;colonia Ejidal el Pino de&nbsp;Los Reyes la Paz.<\/p>\n\n\n\n<p>Marcelina y su pareja solicitaron un pr\u00e9stamo de mil pesos a una mujer, quien tras vencer el plazo de pago tom\u00f3 a Fernandito, hijo de la mujer, como garant\u00eda de pago.<\/p>\n\n\n\n<p>El ni\u00f1o de 5 a\u00f1os de edad fue llevado a la casa de la prestamista, quien viv\u00eda con su esposo y su hija.<\/p>\n\n\n\n<p>Vecinos denunciaron que Fernandito era tratado \u201ccomo un perro\u201d por la familia de prestamistas.<\/p>\n\n\n\n<p>Acusaron que lo vieron con golpes en la cara, que le daban de comer en el piso y que lo ba\u00f1aban con agua fr\u00eda en un lavadero.<\/p>\n\n\n\n<p>Dada la situaci\u00f3n, vecinos acudieron el 28 de julio al DIF para denunciar que el menor estaba siendo retenido por una familia que no era la suya.<\/p>\n\n\n\n<p>Sin embargo, autoridades indicaron que se trataba de un caso que deb\u00eda denunciarse a la Fiscal\u00eda mexiquense.<\/p>\n\n\n\n<p>Finalmente, ante la presi\u00f3n de vecinos, polic\u00edas municipales acudieron el 4 de agosto a la casa de los prestamistas, donde hallaron muerto a Fernandito.<\/p>\n\n\n\n<p>El cuerpo del ni\u00f1o se encontraba dentro de bolsas de pl\u00e1stico y por el estado de descomposici\u00f3n se presume que muri\u00f3 d\u00edas antes.<\/p>\n\n\n\n<p>Hasta el momento no se ha revelado la causa de muerte del menor.<\/p>\n\n\n\n<p>Tras el hallazgo del cuerpo del menor, autoridades detuvieron a la mujer prestamista, identificada como Ana Lilia N., su esposo Carlos N. y su hija Lilia N.<\/p>\n\n\n\n<p>Los tres presuntos responsables fueron trasladados al penal de Neza Bordo.<\/p>\n\n\n\n<p>Karen Res\u00e9ndiz, vecina del lugar, narr\u00f3 que el ni\u00f1o Fernandito era v\u00edctima de maltrato dentro de su casa.<\/p>\n\n\n\n<p>Se\u00f1al\u00f3 que el menor era golpeado por su padrastro, quien es alcoh\u00f3lico.<\/p>\n\n\n\n<p>Detall\u00f3 que en varias ocasiones cuid\u00f3 al ni\u00f1o, quien llegaba a su casa en busca de comida porque en la suya no lo alimentaban.<\/p>\n\n\n\n<p>(Con informaci\u00f3n de Exc\u00e9lsior y Publimetro, en L\u00f3pez-D\u00f3riga Digital)<\/p>\n","protected":false},"excerpt":{"rendered":"<p>Redacci\u00f3n\/Zona Roja Cdmx. Ciudad de M\u00e9xico, a 7 de agosto de 2025.- Un ni\u00f1o de&hellip;<\/p>\n","protected":false},"author":2,"featured_media":83268,"comment_status":"closed","ping_status":"open","sticky":false,"template":"","format":"standard","meta":{"_lmt_disableupdate":"","_lmt_disable":"","_jetpack_memberships_contains_paid_content":false,"footnotes":""},"categories":[109,51],"tags":[4393],"class_list":["post-83267","post","type-post","status-publish","format-standard","has-post-thumbnail","hentry","category-minuto-a-minuto","category-zona-roja","tag-fernandito-los-reyes-la-paz-edomex"],"jetpack_featured_media_url":"https:\/\/zonaroja.com.mx\/wp-content\/uploads\/2025\/08\/Fernandito-asesinado-Edomex.webp","jetpack_sharing_enabled":true,"_links":{"self":[{"href":"https:\/\/zonaroja.com.mx\/index.php?rest_route=\/wp\/v2\/posts\/83267","targetHints":{"allow":["GET"]}}],"collection":[{"href":"https:\/\/zonaroja.com.mx\/index.php?rest_route=\/wp\/v2\/posts"}],"about":[{"href":"https:\/\/zonaroja.com.mx\/index.php?rest_route=\/wp\/v2\/types\/post"}],"author":[{"embeddable":true,"href":"https:\/\/zonaroja.com.mx\/index.php?rest_route=\/wp\/v2\/users\/2"}],"replies":[{"embeddable":true,"href":"https:\/\/zonaroja.com.mx\/index.php?rest_route=%2Fwp%2Fv2%2Fcomments&post=83267"}],"version-history":[{"count":1,"href":"https:\/\/zonaroja.com.mx\/index.php?rest_route=\/wp\/v2\/posts\/83267\/revisions"}],"predecessor-version":[{"id":83269,"href":"https:\/\/zonaroja.com.mx\/index.php?rest_route=\/wp\/v2\/posts\/83267\/revisions\/83269"}],"wp:featuredmedia":[{"embeddable":true,"href":"https:\/\/zonaroja.com.mx\/index.php?rest_route=\/wp\/v2\/media\/83268"}],"wp:attachment":[{"href":"https:\/\/zonaroja.com.mx\/index.php?rest_route=%2Fwp%2Fv2%2Fmedia&parent=83267"}],"wp:term":[{"taxonomy":"category","embeddable":true,"href":"https:\/\/zonaroja.com.mx\/index.php?rest_route=%2Fwp%2Fv2%2Fcategories&post=83267"},{"taxonomy":"post_tag","embeddable":true,"href":"https:\/\/zonaroja.com.mx\/index.php?rest_route=%2Fwp%2Fv2%2Ftags&post=83267"}],"curies":[{"name":"wp","href":"https:\/\/api.w.org\/{rel}","templated":true}]}}