{"id":83273,"date":"2025-08-08T07:10:20","date_gmt":"2025-08-08T13:10:20","guid":{"rendered":"https:\/\/zonaroja.com.mx\/?p=83273"},"modified":"2025-08-08T07:10:22","modified_gmt":"2025-08-08T13:10:22","slug":"la-guelaguetza-costo-162-12-mdp-deja-derrama-economica-de-639-millones","status":"publish","type":"post","link":"https:\/\/zonaroja.com.mx\/?p=83273","title":{"rendered":"La Guelaguetza cost\u00f3 162.12 mdp; deja derrama econ\u00f3mica de 639 millones\u00a0"},"content":{"rendered":"\n<p>Raymundo Morales\/Zona Roja.<\/p>\n\n\n\n<p>Oaxaca, Oax., a 8 de agosto de 2025.- La Guelaguetza 2025 en Oaxaca tuvo una inversi\u00f3n de 162.12 millones de pesos y dej\u00f3 una derrama econ\u00f3mica para todos los sectores de 639.94 millones de pesos.<\/p>\n\n\n\n<p>As\u00ed lo dio a conocer ayer el comit\u00e9 interinstitucional durante una conferencia de prensa, en que detall\u00f3 que del 18 al 28 de julio, arribaron 144 mil 655 turistas de diversas partes del mundo.<\/p>\n\n\n\n<p>El secretario de Finanzas, Farid Acevedo L\u00f3pez, detall\u00f3 de la inversi\u00f3n destinada, que fueron 30 millones 800 mil pesos para la presentaci\u00f3n de las cuatro ediciones de la Guelaguetza; en tres conciertos en la Alameda de Le\u00f3n se aplicaron 22 millones 800 mil pesos, mientras que en la Feria del Mezcal fueron 21 millones 900 mil pesos.<\/p>\n\n\n\n<p>Asimismo, en presentaciones art\u00edsticas locales se aplicaron 10 millones de pesos; e expresiones interculturales, siete millones y medio de pesos; por citar algunos montos; la recaudaci\u00f3n durante las fiestas fue de 57 millones de pesos.<\/p>\n\n\n\n<p>En tanto la derrama econ\u00f3mica por la Feria del Mezcal 2025 logr\u00f3 55.1 millones de pesos, con la asistencia de 130 mil 925 personas.&nbsp;<\/p>\n\n\n\n<p>Expuso que la solidaridad y ayuda de la esencia del pueblo oaxaque\u00f1o se har\u00e1 patente con el apoyo de 57.05 millones de pesos recaudados durante estas celebraciones para las m\u00e1s de 20 mil personas afectadas por el hurac\u00e1n Erick, esto ante la disposici\u00f3n del gobernador Salom\u00f3n Jara Cruz que el Fondo Guelaguetza canalice estos recursos como parte de la estrategia La Costa de Pie.<\/p>\n\n\n\n<p>Detall\u00f3 que el 39.29 por ciento de los ingresos provienen de la venta de boletaje de las cuatro presentaciones del Lunes del Cerro; el 43.96 por ciento por impuestos sobre el hospedaje y el 16.75 por ciento por acceso a ferias, exposiciones, eventos de promoci\u00f3n comercial e instalaci\u00f3n de stand, entre ellas la Feria del Mezcal 2025.<\/p>\n\n\n\n<figure class=\"wp-block-embed is-type-rich is-provider-twitter wp-block-embed-twitter\"><div class=\"wp-block-embed__wrapper\">\n<div class=\"twitter-tweet\"><blockquote class=\"twitter-tweet\" data-lang=\"es\"><p lang=\"es\" dir=\"ltr\">2. Por su parte, el responsable de la Secretar\u00eda de Finanzas del <a href=\"https:\/\/twitter.com\/GobOax?ref_src=twsrc%5Etfw\">@GobOax<\/a>, Farid Acevedo L\u00f3pez (<a href=\"https:\/\/twitter.com\/Farid_AcevedoL?ref_src=twsrc%5Etfw\">@Farid_AcevedoL<\/a>), detall\u00f3 la cantidad invertida durante la <a href=\"https:\/\/twitter.com\/hashtag\/Guelaguetza2025?src=hash&amp;ref_src=twsrc%5Etfw\">#Guelaguetza2025<\/a>, que fueron 162.12 millones de pesos, de los cuales detall\u00f3 por rubro; hubo ganancias por 57 millones de\u2026 <a href=\"https:\/\/t.co\/OzRc27I2PM\">pic.twitter.com\/OzRc27I2PM<\/a><\/p>&mdash; Zona Roja Oaxaca (@ZonaRoja_Oaxaca) <a href=\"https:\/\/twitter.com\/ZonaRoja_Oaxaca\/status\/1953563714029777274?ref_src=twsrc%5Etfw\">7 de agosto de 2025<\/a><\/blockquote><\/div>\n<\/div><\/figure>\n\n\n\n<p>RESULTADOS FAVORABLES&nbsp;<\/p>\n\n\n\n<p>En su oportunidad, el titular de la Secretar\u00eda de las Culturas y Artes, Flavio Sosa Villavicencio inform\u00f3 que se ofrecieron m\u00e1s de 120 actividades gratuitas, a las que acudieron m\u00e1s de 200 mil personas. Mencion\u00f3 que en los tres conciertos masivos de Lila Downs, Siddhartha y Rub\u00e9n Blades, se registr\u00f3 una asistencia de m\u00e1s de 60 mil personas.<\/p>\n\n\n\n<p>La secretaria de Turismo de Oaxaca, Saymi Pineda Velasco agreg\u00f3 que participaron 58 delegaciones en las cuatro emisiones del Lunes del Cerro que representaron a los 16 pueblos originarios de la entidad con la asistencia de 44 mil personas; adem\u00e1s se realizaron tres Convites y dos Calendas de las Culturas con un p\u00fablico de m\u00e1s de 80 mil espectadores.<\/p>\n\n\n\n<p>El secretario de Desarrollo Econ\u00f3mico, Ra\u00fal Ruiz Robles indic\u00f3 que a la Feria del Mezcal 2025 asistieron 130 mil 925 personas, lo que representa un incremento de m\u00e1s del 7 por ciento en comparaci\u00f3n con 2024; adem\u00e1s de un aumento en las ventas por pabell\u00f3n de m\u00e1s del 21 por ciento. Durante la muestra se llevaron a cabo m\u00e1s de 688 actividades.<\/p>\n\n\n\n<p>La titular de la Secretar\u00eda de Interculturalidad, Pueblos y Comunidades Ind\u00edgenas y Afromexicanas, Juana Hern\u00e1ndez L\u00f3pez expuso que como muestra de la identidad y presencia de las culturas, participaron 24 delegaciones de las ocho regiones del estado, as\u00ed como una banda de m\u00fasica migrante que fue invitada. Se registr\u00f3 una afluencia de 5 mil 100 asistentes.<\/p>\n\n\n\n<figure class=\"wp-block-embed is-type-rich is-provider-twitter wp-block-embed-twitter\"><div class=\"wp-block-embed__wrapper\">\n<div class=\"twitter-tweet\"><blockquote class=\"twitter-tweet\" data-lang=\"es\"><p lang=\"es\" dir=\"ltr\">\u00bfCu\u00e1nto costaron los conciertos principales de las fiestas de la <a href=\"https:\/\/twitter.com\/hashtag\/Guelaguetza2025?src=hash&amp;ref_src=twsrc%5Etfw\">#Guelaguetza2025<\/a>?<br><br>El secretario de Finanzas, <a href=\"https:\/\/twitter.com\/Farid_AcevedoL?ref_src=twsrc%5Etfw\">@Farid_AcevedoL<\/a>, detall\u00f3 que fueron aproximadamente 22 millones de pesos y as\u00ed se distribuyeron: <a href=\"https:\/\/t.co\/JAsGmIKoZM\">pic.twitter.com\/JAsGmIKoZM<\/a><\/p>&mdash; Zona Roja Oaxaca (@ZonaRoja_Oaxaca) <a href=\"https:\/\/twitter.com\/ZonaRoja_Oaxaca\/status\/1953644633164001734?ref_src=twsrc%5Etfw\">8 de agosto de 2025<\/a><\/blockquote><\/div>\n<\/div><\/figure>\n","protected":false},"excerpt":{"rendered":"<p>Raymundo Morales\/Zona Roja. Oaxaca, Oax., a 8 de agosto de 2025.- La Guelaguetza 2025 en&hellip;<\/p>\n","protected":false},"author":2,"featured_media":83278,"comment_status":"closed","ping_status":"open","sticky":false,"template":"","format":"standard","meta":{"_lmt_disableupdate":"","_lmt_disable":"","_jetpack_memberships_contains_paid_content":false,"footnotes":""},"categories":[109,46],"tags":[4394],"class_list":["post-83273","post","type-post","status-publish","format-standard","has-post-thumbnail","hentry","category-minuto-a-minuto","category-zona-blanca","tag-guelaguetza-2025"],"jetpack_featured_media_url":"https:\/\/zonaroja.com.mx\/wp-content\/uploads\/2025\/08\/Registra-Oaxaca-derrama-por-mas-de-639-mdp-en-fiestas-de-Julio-mes-de-la-Guelaguetza-2025-2.jpeg","jetpack_sharing_enabled":true,"_links":{"self":[{"href":"https:\/\/zonaroja.com.mx\/index.php?rest_route=\/wp\/v2\/posts\/83273","targetHints":{"allow":["GET"]}}],"collection":[{"href":"https:\/\/zonaroja.com.mx\/index.php?rest_route=\/wp\/v2\/posts"}],"about":[{"href":"https:\/\/zonaroja.com.mx\/index.php?rest_route=\/wp\/v2\/types\/post"}],"author":[{"embeddable":true,"href":"https:\/\/zonaroja.com.mx\/index.php?rest_route=\/wp\/v2\/users\/2"}],"replies":[{"embeddable":true,"href":"https:\/\/zonaroja.com.mx\/index.php?rest_route=%2Fwp%2Fv2%2Fcomments&post=83273"}],"version-history":[{"count":1,"href":"https:\/\/zonaroja.com.mx\/index.php?rest_route=\/wp\/v2\/posts\/83273\/revisions"}],"predecessor-version":[{"id":83279,"href":"https:\/\/zonaroja.com.mx\/index.php?rest_route=\/wp\/v2\/posts\/83273\/revisions\/83279"}],"wp:featuredmedia":[{"embeddable":true,"href":"https:\/\/zonaroja.com.mx\/index.php?rest_route=\/wp\/v2\/media\/83278"}],"wp:attachment":[{"href":"https:\/\/zonaroja.com.mx\/index.php?rest_route=%2Fwp%2Fv2%2Fmedia&parent=83273"}],"wp:term":[{"taxonomy":"category","embeddable":true,"href":"https:\/\/zonaroja.com.mx\/index.php?rest_route=%2Fwp%2Fv2%2Fcategories&post=83273"},{"taxonomy":"post_tag","embeddable":true,"href":"https:\/\/zonaroja.com.mx\/index.php?rest_route=%2Fwp%2Fv2%2Ftags&post=83273"}],"curies":[{"name":"wp","href":"https:\/\/api.w.org\/{rel}","templated":true}]}}