{"id":8328,"date":"2020-02-02T12:12:49","date_gmt":"2020-02-02T18:12:49","guid":{"rendered":"http:\/\/www.zonaroja.com.mx\/?p=8328"},"modified":"2020-02-02T15:43:15","modified_gmt":"2020-02-02T21:43:15","slug":"destino-turistico-de-huatulco-celebrara-fiesta-anual-con-narcocorridos","status":"publish","type":"post","link":"https:\/\/zonaroja.com.mx\/?p=8328","title":{"rendered":"Destino tur\u00edstico de Huatulco celebrar\u00e1 fiesta anual con \u201cnarcocorridos\u201d"},"content":{"rendered":"\n<p>Yuridiana Sosa\/Zona Roja.<\/p>\n\n\n\n<p>Oaxaca de Ju\u00e1rez, Oax., 2 de febrero de\n2020.- En medio de un escenario estatal donde la violencia ha escalado es los\n\u00faltimos dos a\u00f1os en todas las regiones, el ayuntamiento de Santa Mar\u00eda Huatulco\nanunci\u00f3 la contrataci\u00f3n del cantante de \u201cnarcocorridos\u201d, \u201cEl Komander\u201d, para el\ninicio de las festividades de Cuaresma.<\/p>\n\n\n\n<p>Para la festividad anual, que atrae a\nmiles de turistas, las autoridades emanadas del partido Nueva Alianza\npriorizaron la contrataci\u00f3n de grupos norte\u00f1os, varios de ellos dedicados a los\ncorridos que incitan a la violencia.<\/p>\n\n\n\n<p>El Director de Eventos y Espect\u00e1culos\ndel Municipio de Santa Mar\u00eda Huatulco, Iv\u00e1n Rueda, confirm\u00f3 la asistencia de\nAlfredo R\u00edos alias \u00abEl Komander\u00bb para el concierto del primer Viernes\nde Cuaresma que se realizar\u00e1 el pr\u00f3ximo 29 de febrero.<\/p>\n\n\n\n<p>El anuncio provoc\u00f3 comentarios\ndivididos por parte de la poblaci\u00f3n, quienes a trav\u00e9s de las redes sociales\nmanifestaron su desagrado, por la iniciativa del edil Giovanne Gonz\u00e1lez,\nemanado del Partido Nueva Alianza y quien gan\u00f3 con el apoyo del PRI y del PVEM.<\/p>\n\n\n\n<p>Pero, fue a trav\u00e9s de su misma cuenta\nde Facebook que el funcionario municipal explic\u00f3 a algunos ciudadanos que antes\nde la contrataci\u00f3n del tambi\u00e9n llamado \u201cJefe del corrido alterado\u201d, se busc\u00f3 a\ncantantes como \u201cEl Fantasma\u201d, \u201cCuarta Milla\u201d o \u201cCalibre 50\u201d, pero no estaban\ndisponibles.<\/p>\n\n\n\n<p>\u201cIntentamos traer a \u2018El Fantasma\u2019 pero\npara esas fechas ya est\u00e1 ocupado. \u2018Cuarto de Milla\u2019, \u2018Calibre 50\u2019 y \u2018El\nFantasma\u2019, est\u00e1n ocupados para esas fechas, en s\u00ed eran los que ten\u00edamos\ncontemplados para las carreras\u201d, explic\u00f3 el director de eventos, quien adem\u00e1s\ndijo que tambi\u00e9n contrataron al grupo \u201cPeligro Norte\u00f1o\u201d de Monterrey, Nuevo\nLe\u00f3n.<\/p>\n\n\n\n<p>Huatulco es uno de los tres destinos tur\u00edstico\nm\u00e1s importantes de Oaxaca, donde anualmente concentra a miles de turistas\nnacionales y extranjeros.<\/p>\n","protected":false},"excerpt":{"rendered":"<p>Yuridiana Sosa\/Zona Roja. Oaxaca de Ju\u00e1rez, Oax., 2 de febrero de 2020.- En medio de&hellip;<\/p>\n","protected":false},"author":2,"featured_media":8329,"comment_status":"closed","ping_status":"open","sticky":false,"template":"","format":"standard","meta":{"_lmt_disableupdate":"","_lmt_disable":"","_jetpack_memberships_contains_paid_content":false,"footnotes":""},"categories":[109,47],"tags":[1336,1337],"class_list":["post-8328","post","type-post","status-publish","format-standard","has-post-thumbnail","hentry","category-minuto-a-minuto","category-zona-gris","tag-bahias-de-huatulco","tag-santa-maria-huatulco"],"jetpack_featured_media_url":"https:\/\/zonaroja.com.mx\/wp-content\/uploads\/2020\/02\/Bah\u00edas-de-Huatulco-2.png","jetpack_sharing_enabled":true,"_links":{"self":[{"href":"https:\/\/zonaroja.com.mx\/index.php?rest_route=\/wp\/v2\/posts\/8328","targetHints":{"allow":["GET"]}}],"collection":[{"href":"https:\/\/zonaroja.com.mx\/index.php?rest_route=\/wp\/v2\/posts"}],"about":[{"href":"https:\/\/zonaroja.com.mx\/index.php?rest_route=\/wp\/v2\/types\/post"}],"author":[{"embeddable":true,"href":"https:\/\/zonaroja.com.mx\/index.php?rest_route=\/wp\/v2\/users\/2"}],"replies":[{"embeddable":true,"href":"https:\/\/zonaroja.com.mx\/index.php?rest_route=%2Fwp%2Fv2%2Fcomments&post=8328"}],"version-history":[{"count":2,"href":"https:\/\/zonaroja.com.mx\/index.php?rest_route=\/wp\/v2\/posts\/8328\/revisions"}],"predecessor-version":[{"id":8331,"href":"https:\/\/zonaroja.com.mx\/index.php?rest_route=\/wp\/v2\/posts\/8328\/revisions\/8331"}],"wp:featuredmedia":[{"embeddable":true,"href":"https:\/\/zonaroja.com.mx\/index.php?rest_route=\/wp\/v2\/media\/8329"}],"wp:attachment":[{"href":"https:\/\/zonaroja.com.mx\/index.php?rest_route=%2Fwp%2Fv2%2Fmedia&parent=8328"}],"wp:term":[{"taxonomy":"category","embeddable":true,"href":"https:\/\/zonaroja.com.mx\/index.php?rest_route=%2Fwp%2Fv2%2Fcategories&post=8328"},{"taxonomy":"post_tag","embeddable":true,"href":"https:\/\/zonaroja.com.mx\/index.php?rest_route=%2Fwp%2Fv2%2Ftags&post=8328"}],"curies":[{"name":"wp","href":"https:\/\/api.w.org\/{rel}","templated":true}]}}