{"id":83280,"date":"2025-08-08T08:15:00","date_gmt":"2025-08-08T14:15:00","guid":{"rendered":"https:\/\/zonaroja.com.mx\/?p=83280"},"modified":"2025-08-08T08:47:27","modified_gmt":"2025-08-08T14:47:27","slug":"otro-ejecutado-en-juchitan-en-zona-triqui-asesinan-a-militante-del-mult","status":"publish","type":"post","link":"https:\/\/zonaroja.com.mx\/?p=83280","title":{"rendered":"Otro ejecutado en Juchit\u00e1n; en zona triqui asesinan a militante del MULT"},"content":{"rendered":"\n<p>Ismael Garc\u00eda M.\/Zona Roja.<\/p>\n\n\n\n<p>Oaxaca, Oax., a 8 de agosto de 2025.- En menos de una semana, otro militante del Movimiento de Unificaci\u00f3n y Lucha Triqui (MULT) fue asesinado a balazos en la regi\u00f3n Mixteca de Oaxaca.<\/p>\n\n\n\n<p>La misma organizaci\u00f3n dio a conocer a trav\u00e9s de un comunicado que el crimen se perpetr\u00f3 ayer por la tarde en contra de Maximino Guzm\u00e1n Solano, quien perdi\u00f3 la vida a causa de disparos de arma de fuego, mientras que su hijo menor de edad fue lesionado.<\/p>\n\n\n\n<p>Los hechos sucedieron en la carretera a L\u00e1zaro C\u00e1rdenas, en el municipio de Putla Villa de Guerrero, en la zona del letrero de bienvenida a Constancia del Rosario.<\/p>\n\n\n\n<p>\u201cEn menos de un mes han asesinados a dos compa\u00f1eros y dos m\u00e1s han sido lesionados, todos ellos militantes de nuestras organizaci\u00f3n\u201d, destac\u00f3 el MULT, al exigir justicia por este caso.<\/p>\n\n\n\n<p>\u201cHemos visto que a los verdaderos &nbsp;asesinos &nbsp;los atienden hasta en su casa, les instalan c\u00e1maras de &nbsp;vigilancia, les permiten instalar retenes con gente armada\u201d, expuso en referencia a sus antag\u00f3nicos del MULTI.&nbsp;<\/p>\n\n\n\n<p>Apenas el pasado 26 de julio, tambi\u00e9n fue asesinado con arma de fuego Crescencio Hern\u00e1ndez, profesor y agente de otra comunidad triqui, R\u00edo Metate Copala, perteneciente al municipio de Santiago Juxtlahuaca, donde tambi\u00e9n fue herido con gravedad su hijo.&nbsp;<\/p>\n\n\n\n<p>EN JUCHIT\u00c1N<\/p>\n\n\n\n<p>Por otra parte, en Juchit\u00e1n de Zaragoza no cesan los cr\u00edmenes y anoche ocurri\u00f3 otro, ahora en la Novena Secci\u00f3n, donde fue acribillado un individuo afuera de su domicilio.<\/p>\n\n\n\n<p>La v\u00edctima fue identificada como V\u00edctor L., de aproximadamente 56 a\u00f1os de edad, cuyo cuerpo fue ingresado a su casa por sus propios familiares.<\/p>\n\n\n\n<p>Apenas el martes fueron ejecutadas dos personas, en hechos distintos, una de ellas un menor de edad calcinado en el interior de un mototaxi.<\/p>\n\n\n\n<p>Hasta el momento las autoridades no han reportado detenciones y la Fiscal\u00eda General del Estado de Oaxaca, a trav\u00e9s de la Vicefiscal\u00eda Regional del Istmo, contin\u00faa con las indagatorias.<\/p>\n","protected":false},"excerpt":{"rendered":"<p>Ismael Garc\u00eda M.\/Zona Roja. Oaxaca, Oax., a 8 de agosto de 2025.- En menos de&hellip;<\/p>\n","protected":false},"author":2,"featured_media":83281,"comment_status":"closed","ping_status":"open","sticky":false,"template":"","format":"standard","meta":{"_lmt_disableupdate":"","_lmt_disable":"","_jetpack_memberships_contains_paid_content":false,"footnotes":""},"categories":[109,51],"tags":[297,867],"class_list":["post-83280","post","type-post","status-publish","format-standard","has-post-thumbnail","hentry","category-minuto-a-minuto","category-zona-roja","tag-ejecutado-juchitan","tag-movimiento-unificador-de-lucha-triqui-mult"],"jetpack_featured_media_url":"https:\/\/zonaroja.com.mx\/wp-content\/uploads\/2025\/08\/Ejecutado-Juchitan-novena-Seccion.jpg","jetpack_sharing_enabled":true,"_links":{"self":[{"href":"https:\/\/zonaroja.com.mx\/index.php?rest_route=\/wp\/v2\/posts\/83280","targetHints":{"allow":["GET"]}}],"collection":[{"href":"https:\/\/zonaroja.com.mx\/index.php?rest_route=\/wp\/v2\/posts"}],"about":[{"href":"https:\/\/zonaroja.com.mx\/index.php?rest_route=\/wp\/v2\/types\/post"}],"author":[{"embeddable":true,"href":"https:\/\/zonaroja.com.mx\/index.php?rest_route=\/wp\/v2\/users\/2"}],"replies":[{"embeddable":true,"href":"https:\/\/zonaroja.com.mx\/index.php?rest_route=%2Fwp%2Fv2%2Fcomments&post=83280"}],"version-history":[{"count":2,"href":"https:\/\/zonaroja.com.mx\/index.php?rest_route=\/wp\/v2\/posts\/83280\/revisions"}],"predecessor-version":[{"id":83301,"href":"https:\/\/zonaroja.com.mx\/index.php?rest_route=\/wp\/v2\/posts\/83280\/revisions\/83301"}],"wp:featuredmedia":[{"embeddable":true,"href":"https:\/\/zonaroja.com.mx\/index.php?rest_route=\/wp\/v2\/media\/83281"}],"wp:attachment":[{"href":"https:\/\/zonaroja.com.mx\/index.php?rest_route=%2Fwp%2Fv2%2Fmedia&parent=83280"}],"wp:term":[{"taxonomy":"category","embeddable":true,"href":"https:\/\/zonaroja.com.mx\/index.php?rest_route=%2Fwp%2Fv2%2Fcategories&post=83280"},{"taxonomy":"post_tag","embeddable":true,"href":"https:\/\/zonaroja.com.mx\/index.php?rest_route=%2Fwp%2Fv2%2Ftags&post=83280"}],"curies":[{"name":"wp","href":"https:\/\/api.w.org\/{rel}","templated":true}]}}