{"id":83283,"date":"2025-08-08T09:15:00","date_gmt":"2025-08-08T15:15:00","guid":{"rendered":"https:\/\/zonaroja.com.mx\/?p=83283"},"modified":"2025-08-08T07:40:26","modified_gmt":"2025-08-08T13:40:26","slug":"con-festival-de-danza-tlahuitoltepec-celebrara-su-fiesta-patronal","status":"publish","type":"post","link":"https:\/\/zonaroja.com.mx\/?p=83283","title":{"rendered":"Con festival de danza, Tlahuitoltepec celebrar\u00e1 su fiesta patronal"},"content":{"rendered":"\n<p>Lisbeth Mej\u00eda Reyes\/Zona Roja.<\/p>\n\n\n\n<p>Oaxaca, Oax., a 8 de agosto de 2025.- La danza, ya sea la tradicional o de otras expresiones, ha originado en Santa Mar\u00eda Tlahuitoltepec, en la zona Mixe de Oaxaca, un encuentro que a\u00f1o con a\u00f1o hermana a las comunidades del estado y del pa\u00eds, pero con el que tambi\u00e9n se preserva la cultura de esta poblaci\u00f3n.<\/p>\n\n\n\n<p>El Festival de Danza \u00abKopk Atsp\u00ef\u00bb, cuenta la profesora de danza Irma D\u00edaz Guti\u00e9rrez, naci\u00f3 como un espacio para las danzas tradicionales que en alg\u00fan momento \u00abestaban descuidadas\u00bb.&nbsp;<\/p>\n\n\n\n<p>Ahora, este festival llega a su edici\u00f3n n\u00famero 13 y como parte de la fiesta patronal que del 13 al 17 de agosto ofrecer\u00e1 Santa Mar\u00eda Tlahuitoltepec a la virgen de la Asunci\u00f3n.<\/p>\n\n\n\n<p>Junto a autoridades de Tlahuitoltepec, Guti\u00e9rrez present\u00f3 este jueves la nueva edici\u00f3n del festival que ha crecido hasta reunir a otras comunidades de la regi\u00f3n, del estado y del pa\u00eds.&nbsp;<\/p>\n\n\n\n<p>\u00abNo solo han sido las danzas tradicionales, tambi\u00e9n se agregaron el ballet cl\u00e1sico, la danza contempor\u00e1nea y danza folcl\u00f3rica. Se ha abierto m\u00e1s panorama y ha crecido el festival&#8230; Ya es algo nacional y no tan local\u00bb, explica la docente.<\/p>\n\n\n\n<p>El festival se realizar\u00e1 los d\u00edas 13 y 14 de agosto en la comunidad, aunque la celebraci\u00f3n en honor a la virgen de la Asunci\u00f3n ser\u00e1 desde el 13 y hasta el 17 del mes.<\/p>\n\n\n\n<p>En conferencia de prensa en la Biblioteca P\u00fablica Central \u201cMargarita Maza de Ju\u00e1rez\u201d, ciudad de Oaxaca, las autoridades y la docente presentaron el programa con el que invitan a las y los oaxaque\u00f1os a visitar su poblaci\u00f3n.<\/p>\n\n\n\n<p>Erasmo Hern\u00e1ndez Gonz\u00e1lez, alcalde \u00fanico, y Marcos D\u00edaz Jim\u00e9nez, suplente del presidente, fueron algunos de los representantes de Santa Mar\u00eda Tlahuitoltepec que presentaron el programa, el cual incluye audici\u00f3n de bandas filarm\u00f3nicas, actividades deportivas, el festival de danza, la presentaci\u00f3n de los maromeros, la quema de castillo pirot\u00e9cnico y la competencia de alimentos y bebidas tradicionales de la poblaci\u00f3n.<\/p>\n\n\n\n<figure class=\"wp-block-embed is-type-rich is-provider-twitter wp-block-embed-twitter\"><div class=\"wp-block-embed__wrapper\">\n<div class=\"twitter-tweet\"><blockquote class=\"twitter-tweet\" data-lang=\"es\"><p lang=\"es\" dir=\"ltr\">Con festival de danza, Santa Mar\u00eda Tlahuitoltepec celebrar\u00e1 su fiesta patronal.<br>Este d\u00eda anunciaron que del 13 al 17 de agosto se presentar\u00e1 la edici\u00f3n 13 de su festival de danza &quot;Kopk Atsp\u00ef&quot;, en esa comunidad de la zona Mixe de Oaxaca. <a href=\"https:\/\/t.co\/jsEIAWDDRf\">pic.twitter.com\/jsEIAWDDRf<\/a><\/p>&mdash; Zona Roja Oaxaca (@ZonaRoja_Oaxaca) <a href=\"https:\/\/twitter.com\/ZonaRoja_Oaxaca\/status\/1953634416732815697?ref_src=twsrc%5Etfw\">8 de agosto de 2025<\/a><\/blockquote><\/div>\n<\/div><\/figure>\n","protected":false},"excerpt":{"rendered":"<p>Lisbeth Mej\u00eda Reyes\/Zona Roja. Oaxaca, Oax., a 8 de agosto de 2025.- La danza, ya&hellip;<\/p>\n","protected":false},"author":2,"featured_media":83284,"comment_status":"closed","ping_status":"open","sticky":false,"template":"","format":"standard","meta":{"_lmt_disableupdate":"","_lmt_disable":"","_jetpack_memberships_contains_paid_content":false,"footnotes":""},"categories":[109,46],"tags":[1027],"class_list":["post-83283","post","type-post","status-publish","format-standard","has-post-thumbnail","hentry","category-minuto-a-minuto","category-zona-blanca","tag-santa-maria-tlahuitoltepec-mixe"],"jetpack_featured_media_url":"https:\/\/zonaroja.com.mx\/wp-content\/uploads\/2025\/08\/Conferencia-festival-de-danza-Tlahuitoltepec.jpg","jetpack_sharing_enabled":true,"_links":{"self":[{"href":"https:\/\/zonaroja.com.mx\/index.php?rest_route=\/wp\/v2\/posts\/83283","targetHints":{"allow":["GET"]}}],"collection":[{"href":"https:\/\/zonaroja.com.mx\/index.php?rest_route=\/wp\/v2\/posts"}],"about":[{"href":"https:\/\/zonaroja.com.mx\/index.php?rest_route=\/wp\/v2\/types\/post"}],"author":[{"embeddable":true,"href":"https:\/\/zonaroja.com.mx\/index.php?rest_route=\/wp\/v2\/users\/2"}],"replies":[{"embeddable":true,"href":"https:\/\/zonaroja.com.mx\/index.php?rest_route=%2Fwp%2Fv2%2Fcomments&post=83283"}],"version-history":[{"count":1,"href":"https:\/\/zonaroja.com.mx\/index.php?rest_route=\/wp\/v2\/posts\/83283\/revisions"}],"predecessor-version":[{"id":83285,"href":"https:\/\/zonaroja.com.mx\/index.php?rest_route=\/wp\/v2\/posts\/83283\/revisions\/83285"}],"wp:featuredmedia":[{"embeddable":true,"href":"https:\/\/zonaroja.com.mx\/index.php?rest_route=\/wp\/v2\/media\/83284"}],"wp:attachment":[{"href":"https:\/\/zonaroja.com.mx\/index.php?rest_route=%2Fwp%2Fv2%2Fmedia&parent=83283"}],"wp:term":[{"taxonomy":"category","embeddable":true,"href":"https:\/\/zonaroja.com.mx\/index.php?rest_route=%2Fwp%2Fv2%2Fcategories&post=83283"},{"taxonomy":"post_tag","embeddable":true,"href":"https:\/\/zonaroja.com.mx\/index.php?rest_route=%2Fwp%2Fv2%2Ftags&post=83283"}],"curies":[{"name":"wp","href":"https:\/\/api.w.org\/{rel}","templated":true}]}}