{"id":83288,"date":"2025-08-08T07:48:18","date_gmt":"2025-08-08T13:48:18","guid":{"rendered":"https:\/\/zonaroja.com.mx\/?p=83288"},"modified":"2025-08-08T07:48:21","modified_gmt":"2025-08-08T13:48:21","slug":"invita-gobierno-de-xoxocotlan-a-sumarse-a-programa-de-correccion-de-actas","status":"publish","type":"post","link":"https:\/\/zonaroja.com.mx\/?p=83288","title":{"rendered":"Invita Gobierno de Xoxocotl\u00e1n a sumarse a programa de correcci\u00f3n de actas"},"content":{"rendered":"\n<p>Redacci\u00f3n\/Zona Roja.<\/p>\n\n\n\n<p>Oaxaca, Oax., a 8 de agosto de 2025.- El ayuntamiento de Santa Cruz Xoxocotl\u00e1n invita a las personas adultas a participar en el programa Agosto, Mes de Aclaraciones de Actas, dirigido a personas de 40 a\u00f1os en adelante, impulsado por el Gobierno del Estado a trav\u00e9s del Registro Civil de Oaxaca.<\/p>\n\n\n\n<p>La presidenta municipal, Nancy Ben\u00edtez Z\u00e1rate, destac\u00f3 que estos servicios gratuitos permiten corregir errores en las actas del estado civil, garantizando as\u00ed el derecho a la identidad de todas y todos los ciudadanos.<\/p>\n\n\n\n<p>Asimismo, se inform\u00f3 que tambi\u00e9n est\u00e1 en marcha el programa \u00abSoy Binacional\u00bb, el cual permite a hijas e hijos de migrantes oaxaque\u00f1os nacidos en Estados Unidos obtener la nacionalidad mexicana sin costo alguno.<\/p>\n\n\n\n<p>Ambos programas estar\u00e1n vigentes del 1 de agosto al 28 de noviembre de 2025, y los requisitos pueden consultarse directamente en las oficial\u00edas del Registro Civil. En el caso de Xoxocotl\u00e1n, se ubica sobre el Boulevard Nuu Ita Nuu Yoo, esquina Hornos, Villas Xoxo.<\/p>\n","protected":false},"excerpt":{"rendered":"<p>Redacci\u00f3n\/Zona Roja. Oaxaca, Oax., a 8 de agosto de 2025.- El ayuntamiento de Santa Cruz&hellip;<\/p>\n","protected":false},"author":2,"featured_media":83275,"comment_status":"closed","ping_status":"open","sticky":false,"template":"","format":"standard","meta":{"_lmt_disableupdate":"","_lmt_disable":"","_jetpack_memberships_contains_paid_content":false,"footnotes":""},"categories":[109,46],"tags":[133],"class_list":["post-83288","post","type-post","status-publish","format-standard","has-post-thumbnail","hentry","category-minuto-a-minuto","category-zona-blanca","tag-santa-cruz-xoxocotlan"],"jetpack_featured_media_url":"https:\/\/zonaroja.com.mx\/wp-content\/uploads\/2025\/08\/Invita-Gobierno-de-Xoxocotlan-a-sumarse-a-programa-estatal-de-correccion-de-actas-1.jpeg","jetpack_sharing_enabled":true,"_links":{"self":[{"href":"https:\/\/zonaroja.com.mx\/index.php?rest_route=\/wp\/v2\/posts\/83288","targetHints":{"allow":["GET"]}}],"collection":[{"href":"https:\/\/zonaroja.com.mx\/index.php?rest_route=\/wp\/v2\/posts"}],"about":[{"href":"https:\/\/zonaroja.com.mx\/index.php?rest_route=\/wp\/v2\/types\/post"}],"author":[{"embeddable":true,"href":"https:\/\/zonaroja.com.mx\/index.php?rest_route=\/wp\/v2\/users\/2"}],"replies":[{"embeddable":true,"href":"https:\/\/zonaroja.com.mx\/index.php?rest_route=%2Fwp%2Fv2%2Fcomments&post=83288"}],"version-history":[{"count":1,"href":"https:\/\/zonaroja.com.mx\/index.php?rest_route=\/wp\/v2\/posts\/83288\/revisions"}],"predecessor-version":[{"id":83289,"href":"https:\/\/zonaroja.com.mx\/index.php?rest_route=\/wp\/v2\/posts\/83288\/revisions\/83289"}],"wp:featuredmedia":[{"embeddable":true,"href":"https:\/\/zonaroja.com.mx\/index.php?rest_route=\/wp\/v2\/media\/83275"}],"wp:attachment":[{"href":"https:\/\/zonaroja.com.mx\/index.php?rest_route=%2Fwp%2Fv2%2Fmedia&parent=83288"}],"wp:term":[{"taxonomy":"category","embeddable":true,"href":"https:\/\/zonaroja.com.mx\/index.php?rest_route=%2Fwp%2Fv2%2Fcategories&post=83288"},{"taxonomy":"post_tag","embeddable":true,"href":"https:\/\/zonaroja.com.mx\/index.php?rest_route=%2Fwp%2Fv2%2Ftags&post=83288"}],"curies":[{"name":"wp","href":"https:\/\/api.w.org\/{rel}","templated":true}]}}