{"id":83295,"date":"2025-08-08T12:15:00","date_gmt":"2025-08-08T18:15:00","guid":{"rendered":"https:\/\/zonaroja.com.mx\/?p=83295"},"modified":"2025-08-08T08:04:49","modified_gmt":"2025-08-08T14:04:49","slug":"oaxaca-con-mayor-porcentaje-de-poblacion-indigena-pero-con-lenguas-en-peligro","status":"publish","type":"post","link":"https:\/\/zonaroja.com.mx\/?p=83295","title":{"rendered":"Oaxaca, con mayor porcentaje de poblaci\u00f3n ind\u00edgena, pero con lenguas\u00a0en peligro"},"content":{"rendered":"\n<p>Lisbeth Mej\u00eda Reyes\/Zona Roja.<\/p>\n\n\n\n<p>Oaxaca, Oax., a 8 de agosto de 2025.- Oaxaca es el estado mexicano con el mayor porcentaje de poblaci\u00f3n que se considera ind\u00edgena, con el 26.3 por ciento, seg\u00fan datos del Instituto Nacional de Estad\u00edstica y Geograf\u00eda (INEGI).&nbsp;<\/p>\n\n\n\n<p>Es decir, donde m\u00e1s de la cuarta parte de su poblaci\u00f3n se considera como tal (alrededor de un mill\u00f3n de los poco m\u00e1s de cuatro millones de habitantes) e incluso habla alguna lengua originaria ind\u00edgena.&nbsp;<\/p>\n\n\n\n<p>Sin embargo, tambi\u00e9n es en el que peligra una gran parte de sus idiomas originarios: cinco de los 15 con que cuenta, como ha reconocido el Instituto de Lenguas Originarias de Oaxaca (ILEO), un nuevo organismo descentralizado para el que a\u00fan no se ha definido un presupuesto.<\/p>\n\n\n\n<p>Este mi\u00e9rcoles, en un encuentro con legisladores del Congreso local, el titular del ILEO, V\u00edctor V\u00e1squez Castillejos, expuso en M\u00e9xico se hablan 68 lenguas originarias y se cuenta con 36 variantes dialectales.&nbsp;<\/p>\n\n\n\n<p>A nivel estado, Oaxaca tiene 15 lenguas originarias con 176 variantes y el total de hablantes es de un mill\u00f3n 221 mil 555 personas.&nbsp;<\/p>\n\n\n\n<p>Adem\u00e1s de que las tres lenguas ind\u00edgenas con m\u00e1s hablantes son el zapoteco, mixteco y mazateco.&nbsp;<\/p>\n\n\n\n<p>Pero que las lenguas con un alto riesgo de desaparecer son el ixcateco, zoque, chocholteco, chontal y amuzgo. El funcionario consider\u00f3 que esto se debe a \u00abfactores como la falta de transmisi\u00f3n intergeneracional, discriminaci\u00f3n, cuestiones pol\u00edticas y sustituci\u00f3n por lenguas dominantes\u00bb.<\/p>\n\n\n\n<p>Este 9 de agosto se conmemora el D\u00eda Internacional de los Pueblos Ind\u00edgenas, establecido por la Asamblea General de las Naciones Unidas como una fecha para reflexionar sobre los problemas que enfrentan en distintos \u00e1mbitos, entre estos la preservaci\u00f3n o extinci\u00f3n de sus lenguas, que son parte de su identidad o cultura.<\/p>\n\n\n\n<p>Por esta conmemora, el INEGI tambi\u00e9n ha publicado algunos datos sobre la poblaci\u00f3n ind\u00edgena y hablante de una lengua ind\u00edgena en el pa\u00eds, donde se estima que hasta el 2023 hab\u00eda 39.2 millones de personas se identificaron como ind\u00edgenas.&nbsp;<\/p>\n\n\n\n<p>Entre ellas, 7.4 millones de personas de tres a\u00f1os y m\u00e1s hablaban alguna lengua ind\u00edgena y 7 millones de personas cumpl\u00edan con ambas condiciones. Es decir, que se consideran ind\u00edgenas y hablan alguna lengua de este tipo.<\/p>\n\n\n\n<p>Con base en la Encuesta Nacional de la Din\u00e1mica Demogr\u00e1fica (ENADID) 2023, el INEGI se\u00f1ala que las entidades con mayores porcentajes de poblaci\u00f3n ind\u00edgena fueron: Oaxaca, 26.3 %; Yucat\u00e1n, 24.3 %; Chiapas, 22.4 %; Guerrero, 13.5 % y Quintana Roo, 12.9 %.<\/p>\n","protected":false},"excerpt":{"rendered":"<p>Lisbeth Mej\u00eda Reyes\/Zona Roja. Oaxaca, Oax., a 8 de agosto de 2025.- Oaxaca es el&hellip;<\/p>\n","protected":false},"author":2,"featured_media":67161,"comment_status":"closed","ping_status":"open","sticky":false,"template":"","format":"standard","meta":{"_lmt_disableupdate":"","_lmt_disable":"","_jetpack_memberships_contains_paid_content":false,"footnotes":""},"categories":[109,46],"tags":[],"class_list":["post-83295","post","type-post","status-publish","format-standard","has-post-thumbnail","hentry","category-minuto-a-minuto","category-zona-blanca"],"jetpack_featured_media_url":"https:\/\/zonaroja.com.mx\/wp-content\/uploads\/2024\/04\/Indigenas-votos-asamblea.jpeg","jetpack_sharing_enabled":true,"_links":{"self":[{"href":"https:\/\/zonaroja.com.mx\/index.php?rest_route=\/wp\/v2\/posts\/83295","targetHints":{"allow":["GET"]}}],"collection":[{"href":"https:\/\/zonaroja.com.mx\/index.php?rest_route=\/wp\/v2\/posts"}],"about":[{"href":"https:\/\/zonaroja.com.mx\/index.php?rest_route=\/wp\/v2\/types\/post"}],"author":[{"embeddable":true,"href":"https:\/\/zonaroja.com.mx\/index.php?rest_route=\/wp\/v2\/users\/2"}],"replies":[{"embeddable":true,"href":"https:\/\/zonaroja.com.mx\/index.php?rest_route=%2Fwp%2Fv2%2Fcomments&post=83295"}],"version-history":[{"count":1,"href":"https:\/\/zonaroja.com.mx\/index.php?rest_route=\/wp\/v2\/posts\/83295\/revisions"}],"predecessor-version":[{"id":83296,"href":"https:\/\/zonaroja.com.mx\/index.php?rest_route=\/wp\/v2\/posts\/83295\/revisions\/83296"}],"wp:featuredmedia":[{"embeddable":true,"href":"https:\/\/zonaroja.com.mx\/index.php?rest_route=\/wp\/v2\/media\/67161"}],"wp:attachment":[{"href":"https:\/\/zonaroja.com.mx\/index.php?rest_route=%2Fwp%2Fv2%2Fmedia&parent=83295"}],"wp:term":[{"taxonomy":"category","embeddable":true,"href":"https:\/\/zonaroja.com.mx\/index.php?rest_route=%2Fwp%2Fv2%2Fcategories&post=83295"},{"taxonomy":"post_tag","embeddable":true,"href":"https:\/\/zonaroja.com.mx\/index.php?rest_route=%2Fwp%2Fv2%2Ftags&post=83295"}],"curies":[{"name":"wp","href":"https:\/\/api.w.org\/{rel}","templated":true}]}}