{"id":83297,"date":"2025-08-08T13:30:00","date_gmt":"2025-08-08T19:30:00","guid":{"rendered":"https:\/\/zonaroja.com.mx\/?p=83297"},"modified":"2025-08-08T08:10:11","modified_gmt":"2025-08-08T14:10:11","slug":"ahora-otro-hijo-de-amlo-que-presumio-austeridad-vacaciona-de-lujo","status":"publish","type":"post","link":"https:\/\/zonaroja.com.mx\/?p=83297","title":{"rendered":"Ahora otro hijo de AMLO, que presumi\u00f3 austeridad, vacaciona de lujo"},"content":{"rendered":"\n<p>Redacci\u00f3n\/Zona Roja Cdmx.<\/p>\n\n\n\n<p>Ciudad de M\u00e9xico, a 8 de agosto de 2025.- Despu\u00e9s de revelarse que Jos\u00e9 Ram\u00f3n L\u00f3pez Beltr\u00e1n y su familia se encontraban vacacionando en un complejo hotelero de la Riviera Maya de un empresario ligado al sexenio anterior, el hijo mayor del ex presidente Andr\u00e9s Manuel L\u00f3pez Obrador se pronunci\u00f3 para negar las acusaciones.<\/p>\n\n\n\n<p>Despu\u00e9s de la pol\u00e9mica por las vacaciones de su hermano Andy en Jap\u00f3n, Jos\u00e9 Ram\u00f3n fue captado junto a su familia en las instalaciones del resort Vidanta Riviera Maya, complejo que pertenece a Daniel Ch\u00e1vez, un empresario que obtuvo varias concesiones federales durante el sexenio de AMLO.<\/p>\n\n\n\n<p>Al respecto, L\u00f3pez Beltr\u00e1n ataj\u00f3 las cr\u00edticas al se\u00f1alar que no es funcionario p\u00fablico, por lo tanto no maneja recursos del gobierno y asegur\u00f3 que desde hace a\u00f1os trabaja en proyectos \u201csin reflectores\u201d.<\/p>\n\n\n\n<p>\u201cAnte los comentarios que han surgido, me es necesario aclarar algunos puntos. No soy funcionario p\u00fablico. No tengo ning\u00fan cargo ni manejo recursos del gobierno. Trabajo, como muchas otras personas, y cuando se puede, tambi\u00e9n busco compartir tiempo con mi familia\u201d, expuso Jos\u00e9 Ram\u00f3n L\u00f3pez Beltr\u00e1n.<\/p>\n\n\n\n<p>El mayor de los hermanos L\u00f3pez Beltr\u00e1n asegur\u00f3 que \u00e9l, como todos los dem\u00e1s mexicanos, tiene derecho a pasar tiempo con su familia.<\/p>\n\n\n\n<p>Adem\u00e1s, Jos\u00e9 Ram\u00f3n se\u00f1al\u00f3 que desde hace a\u00f1os se le ha criticado por supuestamente \u201cno trabajar\u201d, y asegur\u00f3 que se ha desempe\u00f1ado en proyectos alejados del foco p\u00fablico.<\/p>\n\n\n\n<p>\u201cLevo a\u00f1os leyendo que \u201cno trabajo\u201d, como si guardar silencio fuera lo mismo que no hacer nada. Pero no todo se presume ni todo se publica. Trabajo todos los d\u00edas, desde hace mucho, en proyectos y asuntos que no buscan reflectores ni necesitan aprobaci\u00f3n. Y que yo no lo ande contando, no le da a nadie derecho a inventar desde la ignorancia o la mala intenci\u00f3n\u00bb, se quej\u00f3 en un comunicado publicado en sus redes sociales.<\/p>\n\n\n\n<p>Jos\u00e9 Ram\u00f3n L\u00f3pez Beltr\u00e1n confirm\u00f3 su estancia en la Riviera Maya y asegur\u00f3 que no se le ha visto hacer nada ilegal, y s\u00f3lo se le ha registrado en compa\u00f1\u00eda de su familia.<\/p>\n\n\n\n<p>L\u00f3pez Beltr\u00e1n insisti\u00f3 en que no es funcionario p\u00fablico, aunque no descart\u00f3 hacerlo m\u00e1s adelante.<\/p>\n\n\n\n<p>\u201cTener momentos personales o familiares no es un lujo, es un derecho. Quien trabaja y vive con honestidad tambi\u00e9n merece descanso, privacidad y alegr\u00eda sin ser juzgado.No hay m\u00e1s que im\u00e1genes familiares, como la que muchos padres tienen con sus hijos.Si alg\u00fan d\u00eda llego a participar en la vida p\u00fablica (que ahora no es el caso), lo h<\/p>\n\n\n\n<p>(Informaci\u00f3n de Infobae M\u00e9xico)<\/p>\n","protected":false},"excerpt":{"rendered":"<p>Redacci\u00f3n\/Zona Roja Cdmx. Ciudad de M\u00e9xico, a 8 de agosto de 2025.- Despu\u00e9s de revelarse&hellip;<\/p>\n","protected":false},"author":2,"featured_media":83298,"comment_status":"closed","ping_status":"open","sticky":false,"template":"","format":"standard","meta":{"_lmt_disableupdate":"","_lmt_disable":"","_jetpack_memberships_contains_paid_content":false,"footnotes":""},"categories":[109,47],"tags":[4395],"class_list":["post-83297","post","type-post","status-publish","format-standard","has-post-thumbnail","hentry","category-minuto-a-minuto","category-zona-gris","tag-jose-ramon-lopez-beltran"],"jetpack_featured_media_url":"https:\/\/zonaroja.com.mx\/wp-content\/uploads\/2025\/08\/Vacaciones-Jose-Ramon-Lopez-Beltran.jpg","jetpack_sharing_enabled":true,"_links":{"self":[{"href":"https:\/\/zonaroja.com.mx\/index.php?rest_route=\/wp\/v2\/posts\/83297","targetHints":{"allow":["GET"]}}],"collection":[{"href":"https:\/\/zonaroja.com.mx\/index.php?rest_route=\/wp\/v2\/posts"}],"about":[{"href":"https:\/\/zonaroja.com.mx\/index.php?rest_route=\/wp\/v2\/types\/post"}],"author":[{"embeddable":true,"href":"https:\/\/zonaroja.com.mx\/index.php?rest_route=\/wp\/v2\/users\/2"}],"replies":[{"embeddable":true,"href":"https:\/\/zonaroja.com.mx\/index.php?rest_route=%2Fwp%2Fv2%2Fcomments&post=83297"}],"version-history":[{"count":1,"href":"https:\/\/zonaroja.com.mx\/index.php?rest_route=\/wp\/v2\/posts\/83297\/revisions"}],"predecessor-version":[{"id":83299,"href":"https:\/\/zonaroja.com.mx\/index.php?rest_route=\/wp\/v2\/posts\/83297\/revisions\/83299"}],"wp:featuredmedia":[{"embeddable":true,"href":"https:\/\/zonaroja.com.mx\/index.php?rest_route=\/wp\/v2\/media\/83298"}],"wp:attachment":[{"href":"https:\/\/zonaroja.com.mx\/index.php?rest_route=%2Fwp%2Fv2%2Fmedia&parent=83297"}],"wp:term":[{"taxonomy":"category","embeddable":true,"href":"https:\/\/zonaroja.com.mx\/index.php?rest_route=%2Fwp%2Fv2%2Fcategories&post=83297"},{"taxonomy":"post_tag","embeddable":true,"href":"https:\/\/zonaroja.com.mx\/index.php?rest_route=%2Fwp%2Fv2%2Ftags&post=83297"}],"curies":[{"name":"wp","href":"https:\/\/api.w.org\/{rel}","templated":true}]}}