{"id":83303,"date":"2025-08-08T17:00:37","date_gmt":"2025-08-08T23:00:37","guid":{"rendered":"https:\/\/zonaroja.com.mx\/?p=83303"},"modified":"2025-08-08T17:00:37","modified_gmt":"2025-08-08T23:00:37","slug":"tras-polemica-por-apropiacion-cultural-se-pronuncia-yalalag-y-responde-adidas","status":"publish","type":"post","link":"https:\/\/zonaroja.com.mx\/?p=83303","title":{"rendered":"Tras pol\u00e9mica por apropiaci\u00f3n cultural, se pronuncia Yal\u00e1lag y responde Adidas&nbsp;"},"content":{"rendered":"\n<p>Lisbeth Mej\u00eda Reyes\/Zona Roja.&nbsp;<\/p>\n\n\n\n<p>Oaxaca, Oax., a 8 de agosto de 2025.- Despu\u00e9s de varios d\u00edas de pol\u00e9mica por la apropiaci\u00f3n cultural de un calzado tradicional mexicano, que las autoridades de Oaxaca han defendido como parte de la identidad del municipio zapoteco de Villa Hidalgo Yal\u00e1lag y una empresa michoacana como de su estado, la empresa Adidas de M\u00e9xico S. A. de C. V. respondi\u00f3 con una carta dirigida al gobernador Salom\u00f3n Jara Cruz para entablar una reuni\u00f3n virtual y avanzar \u00abhacia una reparaci\u00f3n del da\u00f1o con la comunidad\u00bb.<\/p>\n\n\n\n<p>\u00abLa empresa Adidas respondi\u00f3 a nuestro planteamiento y tendremos una primera reuni\u00f3n de trabajo para coadyuvar a que se atiendan las solicitudes de las autoridades de Yalalag y avanzar hacia la reparaci\u00f3n del da\u00f1o con la comunidad\u00bb, public\u00f3 el mandatario en sus redes sociales junto a una imagen de la carta.<\/p>\n\n\n\n<p>En representaci\u00f3n de Jorge Dionne, director general de Adidas M\u00e9xico, la directora legal y de cumplimiento, Karen Vianey Gonz\u00e1lez Vargas, asegur\u00f3 que la marca valora \u00abprofundamente la riqueza cultural de los pueblos originarios de M\u00e9xico\u00bb y la relevancia del se\u00f1alamiento hecho por el gobierno oaxaque\u00f1o. <\/p>\n\n\n\n<p>Esto a ra\u00edz de que el dise\u00f1ador Willy Chavarr\u00eda present\u00f3 un modelo de la marca llamado \u00abOaxaca slip on\u00bb, pero con manufactura china.<\/p>\n\n\n\n<p>En el documento de fecha 7 e agosto, la empresa se dijo dispuesta a \u00abescuchar y atender las perspectivas de la comunidad zapoteca de Villa Hidalgo Yal\u00e1lag y trabajar conjuntamente hacia un entendimiento que honre las tradiciones culturales y establezca bases para una relaci\u00f3n constructiva y respetuosa\u00bb.<\/p>\n\n\n\n<p>RESPONDE YAL\u00c1LAG<\/p>\n\n\n\n<p>Poco antes de que el mandatario difundiera la carta de Adidas, el ayuntamiento de Villa Hidalgo Yal\u00e1lag tambi\u00e9n se pronunci\u00f3 en contra de la apropiaci\u00f3n cultural de las comunidades ind\u00edgenas, la cual \u00abdebe ser protegida por todos los niveles de gobierno\u00bb.<\/p>\n\n\n\n<p>En su carta con fecha 7 de agosto, y tras consultar a la asamblea, el ayuntamiento de Yal\u00e1lag solicit\u00f3 al dise\u00f1ador y a la empresa Adidas reconocer que dicho calzado \u00abfue inspirado en el huarache tradicional de tejido de la comunidad de Villa Hidalgo Yal\u00e1lag, que de manera ancestral y tradicional se ha venido desarrollando en la comunidad\u00bb.&nbsp;<\/p>\n\n\n\n<p>De acuerdo tlas autoridades, este tipo de calzado tejido tiene una tradici\u00f3n de m\u00e1s de 100 a\u00f1os.<\/p>\n\n\n\n<p>Tambi\u00e9n, exigi\u00f3 que se suspenda la producci\u00f3n y comercializaci\u00f3n del calzado \u00abOaxaca slip on\u00bb y se entable a la brevedad una mesa de di\u00e1logo entre el dise\u00f1ador, representantes de la empresa, las autoridades de Villa Hidalgo Yal\u00e1lag, del gobierno estatal y del federal, \u00abpara la protecci\u00f3n y respeto de la propiedad cultural inmaterial de las comunidades ind\u00edgenas\u00bb.<\/p>\n\n\n\n<p>HABLA SHEINBAUM&nbsp;<\/p>\n\n\n\n<p>Este viernes, la presidenta del pa\u00eds, Claudia Sheinbaum, tambi\u00e9n abord\u00f3 la problem\u00e1tica en su conferencia en Palacio Nacional.&nbsp;<\/p>\n\n\n\n<p>Ah\u00ed se\u00f1al\u00f3 que se estaba analizando la ruta jur\u00eddica a seguir. Adem\u00e1s de recordar que muchas veces las \u00abgrandes empresas toman productos, ideas, dise\u00f1os, de comunidades ind\u00edgenas de nuestro pa\u00eds.&nbsp;<\/p>\n\n\n\n<p>De hecho estamos trabajando una ley para garantizar (la protecci\u00f3n), adem\u00e1s de lo que ya existe. Y en cierta manera est\u00e1n usurpando la creatividad de un pueblo originario\u00bb, dijo la presidenta al mostrar en pantalla el modelo \u00abOaxaca slip on\u00bb que se apropiaron Willy Chavarr\u00eda y Adidas y por lo cual \u00abtiene que haber un resarcimiento\u00bb.<\/p>\n\n\n\n<p>Mariana N\u00fa\u00f1ez Bespalova, subsecretaria de Cultura, confirm\u00f3 que se trata de una caso de apropiaci\u00f3n cultural en perjuicio de Yal\u00e1lag y adelant\u00f3 que la marca ya hab\u00eda respondido al gobierno de Oaxaca para iniciar pl\u00e1ticas.&nbsp;<\/p>\n\n\n\n<p>En la conferencia, la funcionaria expuso que habr\u00e1 acompa\u00f1amiento de parte de la Secretar\u00eda de Cultura, a trav\u00e9s del Instituto Nacional del Derecho de Autor (Indautor), \u00abporque as\u00ed lo dicta la ley de patrimonio\u00bb.<\/p>\n\n\n\n<p>La pol\u00e9mica por el calzado estall\u00f3 esta semana, poco despu\u00e9s de que la marca y el dise\u00f1ador presentaron el modelo en Puerto Rico.&nbsp;<\/p>\n\n\n\n<p>A ra\u00edz de esto, tambi\u00e9n se ha generado una discusi\u00f3n en redes sociales por la similitud del modelo de la marca con otro calzado tradicional de M\u00e9xico, espec\u00edficamente el del municipio de Sahuayo, Michoac\u00e1n.&nbsp;<\/p>\n\n\n\n<p>Incluso una marca de calzado de aquel estado se\u00f1al\u00f3 que el dise\u00f1o corresponde a Michoac\u00e1n, aunque tambi\u00e9n se pronunci\u00f3 en contra de la apropiaci\u00f3n cultural que hacen las grandes marcas o empresas.<\/p>\n","protected":false},"excerpt":{"rendered":"<p>Lisbeth Mej\u00eda Reyes\/Zona Roja.&nbsp; Oaxaca, Oax., a 8 de agosto de 2025.- Despu\u00e9s de varios&hellip;<\/p>\n","protected":false},"author":2,"featured_media":83302,"comment_status":"closed","ping_status":"open","sticky":false,"template":"","format":"standard","meta":{"_lmt_disableupdate":"","_lmt_disable":"","_jetpack_memberships_contains_paid_content":false,"footnotes":""},"categories":[109,46],"tags":[],"class_list":["post-83303","post","type-post","status-publish","format-standard","has-post-thumbnail","hentry","category-minuto-a-minuto","category-zona-blanca"],"jetpack_featured_media_url":"https:\/\/zonaroja.com.mx\/wp-content\/uploads\/2025\/08\/773dad69-4a3d-4a16-9e61-be1bd09e1109.jpg","jetpack_sharing_enabled":true,"_links":{"self":[{"href":"https:\/\/zonaroja.com.mx\/index.php?rest_route=\/wp\/v2\/posts\/83303","targetHints":{"allow":["GET"]}}],"collection":[{"href":"https:\/\/zonaroja.com.mx\/index.php?rest_route=\/wp\/v2\/posts"}],"about":[{"href":"https:\/\/zonaroja.com.mx\/index.php?rest_route=\/wp\/v2\/types\/post"}],"author":[{"embeddable":true,"href":"https:\/\/zonaroja.com.mx\/index.php?rest_route=\/wp\/v2\/users\/2"}],"replies":[{"embeddable":true,"href":"https:\/\/zonaroja.com.mx\/index.php?rest_route=%2Fwp%2Fv2%2Fcomments&post=83303"}],"version-history":[{"count":1,"href":"https:\/\/zonaroja.com.mx\/index.php?rest_route=\/wp\/v2\/posts\/83303\/revisions"}],"predecessor-version":[{"id":83304,"href":"https:\/\/zonaroja.com.mx\/index.php?rest_route=\/wp\/v2\/posts\/83303\/revisions\/83304"}],"wp:featuredmedia":[{"embeddable":true,"href":"https:\/\/zonaroja.com.mx\/index.php?rest_route=\/wp\/v2\/media\/83302"}],"wp:attachment":[{"href":"https:\/\/zonaroja.com.mx\/index.php?rest_route=%2Fwp%2Fv2%2Fmedia&parent=83303"}],"wp:term":[{"taxonomy":"category","embeddable":true,"href":"https:\/\/zonaroja.com.mx\/index.php?rest_route=%2Fwp%2Fv2%2Fcategories&post=83303"},{"taxonomy":"post_tag","embeddable":true,"href":"https:\/\/zonaroja.com.mx\/index.php?rest_route=%2Fwp%2Fv2%2Ftags&post=83303"}],"curies":[{"name":"wp","href":"https:\/\/api.w.org\/{rel}","templated":true}]}}