{"id":83308,"date":"2025-08-08T20:43:09","date_gmt":"2025-08-09T02:43:09","guid":{"rendered":"https:\/\/zonaroja.com.mx\/?p=83308"},"modified":"2025-08-08T20:43:11","modified_gmt":"2025-08-09T02:43:11","slug":"en-oaxaca-solo-dos-de-cada-10-jovenes-acceden-a-educacion-superior","status":"publish","type":"post","link":"https:\/\/zonaroja.com.mx\/?p=83308","title":{"rendered":"En Oaxaca, solo dos de cada 10 j\u00f3venes acceden a educaci\u00f3n superior"},"content":{"rendered":"\n<p>Lisbeth Mej\u00eda Reyes\/Zona Roja.<\/p>\n\n\n\n<p>Oaxaca, Oax., a 8 de agosto de 2025.- En Oaxaca, el panorama educativo en el nivel superior es m\u00e1s grave que en el pa\u00eds, debido a que solamente dos de cada 10 j\u00f3venes en edad universitaria acceden a la educaci\u00f3n superior y pueden permanecer en ella, de acuerdo con lo se\u00f1alado por el rector de la Universidad Nacional Aut\u00f3noma de M\u00e9xico (UNAM), Leonardo Lomel\u00ed Vanegas.<\/p>\n\n\n\n<p>\u00abM\u00e9xico enfrenta una problem\u00e1tica de gran magnitud en materia educativa, solo cuatro de cada 10 j\u00f3venes en edad universitaria acceden a estudios superiores, cifra que nos coloca muy por debajo de pa\u00edses de la regi\u00f3n como Argentina y Chile, que superan el 90 por ciento; o Brasil, con m\u00e1s del 60 por ciento; o frente a Espa\u00f1a con 95 por ciento de cobertura y Estados Unidos con 79 por ciento\u00bb, extern\u00f3 Lomel\u00ed durante su visita al estado de Oaxaca.&nbsp;<\/p>\n\n\n\n<p>El rector visit\u00f3 la entidad para inaugurar el ciclo escolar 2025-2026 de la Escuela Nacional de Estudios Superiores (ENES) unidad Oaxaca, de la UNAM, que se ubica en jurisdicci\u00f3n de Santa Luc\u00eda del Camino.<\/p>\n\n\n\n<p>De acuerdo con Lomel\u00ed, esta cobertura educativa, es decir, qu\u00e9 tanto de la poblaci\u00f3n en determinada edad tiene acceso a la escuela, a permanecer y egresar de ella, \u00abmuestra la urgencia de expandir y asegurar el derecho a la educaci\u00f3n superior como fundamento del progreso\u201d.<\/p>\n\n\n\n<p>De Oaxaca, el rector se\u00f1al\u00f3 que la realidad es a\u00fan m\u00e1s apremiante, pues la cobertura educativa es \u00abde apenas 22.1 por ciento, la segunda tasa m\u00e1s baja del pa\u00eds\u00bb. Esto implica que apenas dos de cada 10 j\u00f3venes en edad universitaria tiene acceso a la educaci\u00f3n superior.<\/p>\n\n\n\n<p>\u201cEsta cifra refleja desigualdades hist\u00f3ricas que debemos superar con acciones concretas\u00bb, apunt\u00f3 Lomeli, al destacar que \u00abla ENES Oaxaca surge como una respuesta ante esta necesidad y para trazar rutas hacia la movilidad social\u201d.<\/p>\n\n\n\n<p>Con la bienvenida a 449 estudiantes, 322 de ellos de nuevo ingreso, la ENES Oaxaca inaugur\u00f3 este 8 de agosto su ciclo escolar 2025-2026.&nbsp;<\/p>\n\n\n\n<p>Posterior a la ceremonia, Leonardo Lomel\u00ed Vanegas destac\u00f3 la importancia de que la educaci\u00f3n en el pa\u00eds no solamente sea gratuita sino que haya condiciones para que la juventud siga su formaci\u00f3n profesional.&nbsp;<\/p>\n\n\n\n<p>Es decir, para que su decisi\u00f3n por estudiar no se vea afectada por la necesidad de trabajar.<\/p>\n\n\n\n<p>En su mensaje, el director de la ENES Oaxaca, Carlos Andr\u00e9s S\u00e1nchez, coment\u00f3 que previo a la aprobaci\u00f3n de esta unidad por parte del Consejo Universitario, en 2023 la Facultad de Contadur\u00eda y Administraci\u00f3n oper\u00f3 actividades de las licenciaturas en Contadur\u00eda, Administraci\u00f3n y Negocios Internacionales.<\/p>\n\n\n\n<p>Para el semestre 2026-1, que inicia el pr\u00f3ximo lunes, la ENES atender\u00e1 una matr\u00edcula de 449 en cinco carreras y dos turnos: en las licenciaturas en Administraci\u00f3n, Contadur\u00eda, Inform\u00e1tica, Negocios Internacionales e Historia en modalidad escolarizada, al igual que Psicolog\u00eda en modalidad a distancia.<\/p>\n\n\n\n<p>Danna Itzel Hern\u00e1ndez Oseguera, del quinto semestre de la Licenciatura en Administraci\u00f3n, tambi\u00e9n felicit\u00f3 a las y los estudiantes de nuevo ingreso, de quienes destac\u00f3 que est\u00e1n en esta instituci\u00f3n por sus capacidades, pasi\u00f3n, curiosidad y sus ganas de crecer.<\/p>\n\n\n\n<p>\u201cEs el reflejo del gran esfuerzo que cada uno de ustedes ha puesto, los sacrificios que han vivido, del apoyo incondicional de sus familias y, principalmente, la confianza en s\u00ed mismos\u201d.<\/p>\n","protected":false},"excerpt":{"rendered":"<p>Lisbeth Mej\u00eda Reyes\/Zona Roja. Oaxaca, Oax., a 8 de agosto de 2025.- En Oaxaca, el&hellip;<\/p>\n","protected":false},"author":2,"featured_media":83309,"comment_status":"closed","ping_status":"open","sticky":false,"template":"","format":"standard","meta":{"_lmt_disableupdate":"","_lmt_disable":"","_jetpack_memberships_contains_paid_content":false,"footnotes":""},"categories":[109,46],"tags":[4396,4397,983],"class_list":["post-83308","post","type-post","status-publish","format-standard","has-post-thumbnail","hentry","category-minuto-a-minuto","category-zona-blanca","tag-escuela-nacional-de-estudios-superiores-enes","tag-leonardo-lomeli-venegas","tag-universidad-nacional-autonoma-de-mexico-unam"],"jetpack_featured_media_url":"https:\/\/zonaroja.com.mx\/wp-content\/uploads\/2025\/08\/UNAM-rector-Lomeli-en-Oaxaca.jpg","jetpack_sharing_enabled":true,"_links":{"self":[{"href":"https:\/\/zonaroja.com.mx\/index.php?rest_route=\/wp\/v2\/posts\/83308","targetHints":{"allow":["GET"]}}],"collection":[{"href":"https:\/\/zonaroja.com.mx\/index.php?rest_route=\/wp\/v2\/posts"}],"about":[{"href":"https:\/\/zonaroja.com.mx\/index.php?rest_route=\/wp\/v2\/types\/post"}],"author":[{"embeddable":true,"href":"https:\/\/zonaroja.com.mx\/index.php?rest_route=\/wp\/v2\/users\/2"}],"replies":[{"embeddable":true,"href":"https:\/\/zonaroja.com.mx\/index.php?rest_route=%2Fwp%2Fv2%2Fcomments&post=83308"}],"version-history":[{"count":1,"href":"https:\/\/zonaroja.com.mx\/index.php?rest_route=\/wp\/v2\/posts\/83308\/revisions"}],"predecessor-version":[{"id":83310,"href":"https:\/\/zonaroja.com.mx\/index.php?rest_route=\/wp\/v2\/posts\/83308\/revisions\/83310"}],"wp:featuredmedia":[{"embeddable":true,"href":"https:\/\/zonaroja.com.mx\/index.php?rest_route=\/wp\/v2\/media\/83309"}],"wp:attachment":[{"href":"https:\/\/zonaroja.com.mx\/index.php?rest_route=%2Fwp%2Fv2%2Fmedia&parent=83308"}],"wp:term":[{"taxonomy":"category","embeddable":true,"href":"https:\/\/zonaroja.com.mx\/index.php?rest_route=%2Fwp%2Fv2%2Fcategories&post=83308"},{"taxonomy":"post_tag","embeddable":true,"href":"https:\/\/zonaroja.com.mx\/index.php?rest_route=%2Fwp%2Fv2%2Ftags&post=83308"}],"curies":[{"name":"wp","href":"https:\/\/api.w.org\/{rel}","templated":true}]}}