{"id":83311,"date":"2025-08-08T21:37:17","date_gmt":"2025-08-09T03:37:17","guid":{"rendered":"https:\/\/zonaroja.com.mx\/?p=83311"},"modified":"2025-08-08T21:37:19","modified_gmt":"2025-08-09T03:37:19","slug":"marcharan-por-la-salud-ante-carencias-en-el-estado-de-oaxaca","status":"publish","type":"post","link":"https:\/\/zonaroja.com.mx\/?p=83311","title":{"rendered":"Marchar\u00e1n por la salud ante carencias en el estado de Oaxaca"},"content":{"rendered":"\n<p>Lisbeth Mej\u00eda Reyes\/Zona Roja.<\/p>\n\n\n\n<p>Oaxaca, Oax., a 8 de agosto de 2025.- Con un llamado a la solidaridad y a la empat\u00eda, organizaciones de la sociedad civil han convocado a sumarse a la marcha nacional \u00abQueremos salud\u00bb, por lo que se espera que este s\u00e1bado 9 de agosto la movilizaci\u00f3n pac\u00edfica se efect\u00fae en la capital oaxaque\u00f1a.<\/p>\n\n\n\n<p>A trav\u00e9s de sus redes sociales, la organizaci\u00f3n Con Causa, impulsora de la marcha en el estado, ha exhortado a sumarse a la protesta pac\u00edfica cuya convocatoria inicial se dio en Jalisco.<\/p>\n\n\n\n<p>Para la actividad de este s\u00e1bado se sugiere llevar una playera blanca y, de ser posible, alg\u00fan peluche.<\/p>\n\n\n\n<p>\u00ab\u00a1Oaxaca nos necesita! Marcha por la salud, convocamos a pacientes, trabajadores de la salud, estudiantes del \u00e1rea blanca, organizaciones civiles, oaxaque\u00f1os de coraz\u00f3n y cualquier persona que desea que haya cambios en el sistema de salud y mejoras en centros de salud y hospitales p\u00fablicos\u00bb, es parte del mensaje en el que tambi\u00e9n se aclara que esta manifestaci\u00f3n no tiene ning\u00fan v\u00ednculo pol\u00edtico.<\/p>\n\n\n\n<p>El punto de concentraci\u00f3n ser\u00e1 la fuente de las Ocho Regiones, a las 10:00 horas, para salir rumbo al parque \u201cEl Llano\u201d.&nbsp;<\/p>\n\n\n\n<p>\u00abConvocamos grupos de apoyos a pacientes y pacientes con c\u00e1ncer, no es de car\u00e1cter pol\u00edtico. Es una marcha pac\u00edfica\u00bb, apunt\u00f3 la activista Elena Garc\u00eda, fundadora de la asociaci\u00f3n civil Con Causa, que apoya a pacientes con c\u00e1ncer, principalmente ni\u00f1as y ni\u00f1os.<\/p>\n\n\n\n<p>La marcha se da luego de las recientes denuncias del personal de salud por las carencias en el hospital civil \u201cDr. Aurelio Valdivieso\u201d, de la ciudad de Oaxaca. En los \u00faltimos d\u00edas de julio, en plenas fiestas de Guelaguetza, en ese hospital colaps\u00f3 la red sanitaria.&nbsp;<\/p>\n\n\n\n<p>Esto afect\u00f3 principalmente al \u00e1rea de urgencias pedi\u00e1tricas. Adem\u00e1s de esto, el hospital que en sus 60 a\u00f1os ha padecido en m\u00faltiples ocasiones de carencias, tambi\u00e9n se registr\u00f3 el desabasto de alimentos porque las autoridades hab\u00edan dejado de pagar a sus proveedores.<\/p>\n\n\n\n<p>En las \u00faltimas semanas tambi\u00e9n se han registrado protestas del personal m\u00e9dico de los hospitales del estado y del pa\u00eds, debido a que en la transici\u00f3n al sistema IMSS Bienestar, del gobierno federal, se ha agravado la falta de insumos y de medicamentos. Aunado a la falta de pagos al personal y otras carencias en materia laboral.<\/p>\n","protected":false},"excerpt":{"rendered":"<p>Lisbeth Mej\u00eda Reyes\/Zona Roja. Oaxaca, Oax., a 8 de agosto de 2025.- Con un llamado&hellip;<\/p>\n","protected":false},"author":2,"featured_media":83316,"comment_status":"closed","ping_status":"open","sticky":false,"template":"","format":"standard","meta":{"_lmt_disableupdate":"","_lmt_disable":"","_jetpack_memberships_contains_paid_content":false,"footnotes":""},"categories":[109,46],"tags":[],"class_list":["post-83311","post","type-post","status-publish","format-standard","has-post-thumbnail","hentry","category-minuto-a-minuto","category-zona-blanca"],"jetpack_featured_media_url":"https:\/\/zonaroja.com.mx\/wp-content\/uploads\/2025\/08\/salud-medicinas-oaxacaIMG_6067.jpg","jetpack_sharing_enabled":true,"_links":{"self":[{"href":"https:\/\/zonaroja.com.mx\/index.php?rest_route=\/wp\/v2\/posts\/83311","targetHints":{"allow":["GET"]}}],"collection":[{"href":"https:\/\/zonaroja.com.mx\/index.php?rest_route=\/wp\/v2\/posts"}],"about":[{"href":"https:\/\/zonaroja.com.mx\/index.php?rest_route=\/wp\/v2\/types\/post"}],"author":[{"embeddable":true,"href":"https:\/\/zonaroja.com.mx\/index.php?rest_route=\/wp\/v2\/users\/2"}],"replies":[{"embeddable":true,"href":"https:\/\/zonaroja.com.mx\/index.php?rest_route=%2Fwp%2Fv2%2Fcomments&post=83311"}],"version-history":[{"count":1,"href":"https:\/\/zonaroja.com.mx\/index.php?rest_route=\/wp\/v2\/posts\/83311\/revisions"}],"predecessor-version":[{"id":83317,"href":"https:\/\/zonaroja.com.mx\/index.php?rest_route=\/wp\/v2\/posts\/83311\/revisions\/83317"}],"wp:featuredmedia":[{"embeddable":true,"href":"https:\/\/zonaroja.com.mx\/index.php?rest_route=\/wp\/v2\/media\/83316"}],"wp:attachment":[{"href":"https:\/\/zonaroja.com.mx\/index.php?rest_route=%2Fwp%2Fv2%2Fmedia&parent=83311"}],"wp:term":[{"taxonomy":"category","embeddable":true,"href":"https:\/\/zonaroja.com.mx\/index.php?rest_route=%2Fwp%2Fv2%2Fcategories&post=83311"},{"taxonomy":"post_tag","embeddable":true,"href":"https:\/\/zonaroja.com.mx\/index.php?rest_route=%2Fwp%2Fv2%2Ftags&post=83311"}],"curies":[{"name":"wp","href":"https:\/\/api.w.org\/{rel}","templated":true}]}}