{"id":8332,"date":"2020-02-02T15:45:33","date_gmt":"2020-02-02T21:45:33","guid":{"rendered":"http:\/\/www.zonaroja.com.mx\/?p=8332"},"modified":"2020-02-02T15:45:39","modified_gmt":"2020-02-02T21:45:39","slug":"acuerda-yaitepec-movilizarse-para-exigir-liberacion-de-edil-roberto-salinas","status":"publish","type":"post","link":"https:\/\/zonaroja.com.mx\/?p=8332","title":{"rendered":"Acuerda Yaitepec movilizarse para exigir liberaci\u00f3n de edil Roberto Salinas"},"content":{"rendered":"\n<p>Ismael Garc\u00eda M.\/Zona Roja.<\/p>\n\n\n\n<p>Oaxaca de Ju\u00e1rez, Oax., 2 de febrero de\n2020.- Cientos de pobladores de Santiago Yaitepec acordaron hoy en asamblea\nmovilizarse de manera indefinida en la zona chatina y en la capital del estado,\npara exigir la liberaci\u00f3n del presidente municipal, Roberto Salinas Santiago.<\/p>\n\n\n\n<p>El edil fue aprehendido por elementos\nde la Agencia Estatal de Investigaciones, de la Fiscal\u00eda General del Estado, el\npasado jueves 30 de enero de este a\u00f1o, acusado del delito de robo calificado\ncon violencia moral.<\/p>\n\n\n\n<p>Sin embargo, a\u00fan no ha logrado\nimputarle el delito pero logr\u00f3 que el juez de la causa con sede en Puerto\nEscondido le decretara prisi\u00f3n preventiva, pese a que el delito no lo amerita;\nel juicio se reanudar\u00eda el 5 de febrero.<\/p>\n\n\n\n<p>Tras ello, integrantes de la asamblea\ncomunitaria de Yaitepec han bloqueado el acceso a la cabecera municipal de\nSanta Catarina Juquila, y por un d\u00eda, el entronque de El Vidrio.<\/p>\n\n\n\n<p>En ese contexto, el edil Roberto\nSantiago Salinas, que tom\u00f3 posesi\u00f3n del cargo el pasado 1 de enero, emiti\u00f3 un\ncomunicado, que se difundi\u00f3 v\u00eda redes sociales:<\/p>\n\n\n\n<p>\u201cActualmente me encuentro detenido\nilegalmente en los separos de Puerto Escondido, en condiciones infrahumanas y\ntemo por mi vida o lo que me llegue a pasar en las pr\u00f3ximas horas.<\/p>\n\n\n\n<p>\u201cMe acusan de diversos delitos que no\ncomet\u00ed, pues resulta claro que el problema de fondo es el problema agrario que\ntenemos con Juquila; sin embargo, las tierras que desde tiempos inmemoriales\nposeemos, son tierras que legalmente pertenecen a mi pueblo, vamos a luchar por\nellas, aunque nos sigan asesinando y llenen las c\u00e1rceles con todos nosotros,\nlos ind\u00edgenas chatinos.<\/p>\n\n\n\n<p>\u201cLa estrategia de despojo que Juquila\nha realizado por muchos a\u00f1os no es exclusiva en contra de Yaitepec, es una\nacci\u00f3n que ha realizado con casi todos los pueblos chatinos vecinos, as\u00ed como la\ndiscriminaci\u00f3n permanentemente.<\/p>\n\n\n\n<p>\u201cLos chatinos ya no vamos a seguir\npermitiendo este tipo de atropellos. Por eso, desde la c\u00e1rcel d\u00f3nde ilegalmente\nme encuentro recluido, hago un llamado y una convocatoria amplia, a todos mis\nhermanos chatinos de la regi\u00f3n, para que hagamos un frente com\u00fan contra la\ninjusticia, discriminaci\u00f3n, y la represi\u00f3n por parte del gobierno del estado,\nde sus aliados los narcotraficantes y caciques de Juquila, que a toda costa\nquieren seguir enriqueci\u00e9ndose con el dinero de \u2018El Pedimento.<\/p>\n\n\n\n<p>\u201cReactivemos el movimiento ind\u00edgena\ngenuino y real; de nosotros los de abajo, los pobres, y los olvidados, de\nnosotros los chatinos. Vamos todos por el cambio y por la resistencia pac\u00edfica,\npara exigir respeto, paz y desarrollo. Demostremos a Oaxaca y al mundo que los\nchatinos podemos resolver los problemas con inteligencia y sin que corra una\ngota de sangre m\u00e1s.<\/p>\n\n\n\n<p>\u201cPor \u00faltimo, desde est\u00e1s cuatro paredes\nle digo al Gobernador del Estado y a los podridos jueces que manipulan la ley\nal mejor postor: matando y encarcelando a los chatinos no se resolver\u00e1 nada, al\ncontrario, el problema se puede radicalizar y se puede convertir en algo que\npuede generar p\u00e9rdidas irreparables a causa de su falta de insensibilidad\npol\u00edtica al igual que tacto para gobernar y resolver los problemas y los\ngrandes pendientes de Oaxaca. Ustedes opten por lo que juzguen conveniente,\nporque el pueblo tambi\u00e9n los juzgar\u00e1 en su momento\u201d.<\/p>\n","protected":false},"excerpt":{"rendered":"<p>Ismael Garc\u00eda M.\/Zona Roja. Oaxaca de Ju\u00e1rez, Oax., 2 de febrero de 2020.- Cientos de&hellip;<\/p>\n","protected":false},"author":2,"featured_media":8333,"comment_status":"closed","ping_status":"open","sticky":false,"template":"","format":"standard","meta":{"_lmt_disableupdate":"","_lmt_disable":"","_jetpack_memberships_contains_paid_content":false,"footnotes":""},"categories":[109,47],"tags":[1332,546],"class_list":["post-8332","post","type-post","status-publish","format-standard","has-post-thumbnail","hentry","category-minuto-a-minuto","category-zona-gris","tag-roberto-salinas-santiago","tag-santiago-yaitepec"],"jetpack_featured_media_url":"https:\/\/zonaroja.com.mx\/wp-content\/uploads\/2020\/02\/Asamblea-Yaitepec.jpg","jetpack_sharing_enabled":true,"_links":{"self":[{"href":"https:\/\/zonaroja.com.mx\/index.php?rest_route=\/wp\/v2\/posts\/8332","targetHints":{"allow":["GET"]}}],"collection":[{"href":"https:\/\/zonaroja.com.mx\/index.php?rest_route=\/wp\/v2\/posts"}],"about":[{"href":"https:\/\/zonaroja.com.mx\/index.php?rest_route=\/wp\/v2\/types\/post"}],"author":[{"embeddable":true,"href":"https:\/\/zonaroja.com.mx\/index.php?rest_route=\/wp\/v2\/users\/2"}],"replies":[{"embeddable":true,"href":"https:\/\/zonaroja.com.mx\/index.php?rest_route=%2Fwp%2Fv2%2Fcomments&post=8332"}],"version-history":[{"count":1,"href":"https:\/\/zonaroja.com.mx\/index.php?rest_route=\/wp\/v2\/posts\/8332\/revisions"}],"predecessor-version":[{"id":8334,"href":"https:\/\/zonaroja.com.mx\/index.php?rest_route=\/wp\/v2\/posts\/8332\/revisions\/8334"}],"wp:featuredmedia":[{"embeddable":true,"href":"https:\/\/zonaroja.com.mx\/index.php?rest_route=\/wp\/v2\/media\/8333"}],"wp:attachment":[{"href":"https:\/\/zonaroja.com.mx\/index.php?rest_route=%2Fwp%2Fv2%2Fmedia&parent=8332"}],"wp:term":[{"taxonomy":"category","embeddable":true,"href":"https:\/\/zonaroja.com.mx\/index.php?rest_route=%2Fwp%2Fv2%2Fcategories&post=8332"},{"taxonomy":"post_tag","embeddable":true,"href":"https:\/\/zonaroja.com.mx\/index.php?rest_route=%2Fwp%2Fv2%2Ftags&post=8332"}],"curies":[{"name":"wp","href":"https:\/\/api.w.org\/{rel}","templated":true}]}}