{"id":83321,"date":"2025-08-09T07:45:00","date_gmt":"2025-08-09T13:45:00","guid":{"rendered":"https:\/\/zonaroja.com.mx\/?p=83321"},"modified":"2025-08-09T06:35:42","modified_gmt":"2025-08-09T12:35:42","slug":"inauguran-en-oaxaca-exposicion-militar-la-gran-fuerza-de-mexico","status":"publish","type":"post","link":"https:\/\/zonaroja.com.mx\/?p=83321","title":{"rendered":"Inauguran en Oaxaca exposici\u00f3n militar \u201cLa gran fuerza de M\u00e9xico\u201d"},"content":{"rendered":"\n<p>Raymundo Morales\/Zona Roja.<\/p>\n\n\n\n<p>Oaxaca, Oax., a 9 de agosto de 2025.- Desde ayer viernes y hasta el pr\u00f3ximo 31 de agosto, ni\u00f1os y adultos podr\u00e1n disfrutar en Oaxaca de la exposici\u00f3n militar \u201cLa gran fuerza de M\u00e9xico\u201d, en el parque \u201cPrimavera\u201d de la capital.<\/p>\n\n\n\n<p>Los visitantes podr\u00e1n conocer de cerca \u00e1reas como paracaidismo militar, fuerzas especiales, industria y educaci\u00f3n militar, artiller\u00eda, caballer\u00eda, medicina t\u00e1ctica, adiestramiento canino, as\u00ed como el Plan DN-III-E.<\/p>\n\n\n\n<p>Esta jornada fue inaugurada ayer por el gobernador Salom\u00f3n Jara Cruz y la Presidenta Honoraria del Sistema Estatal DIF, Irma Bola\u00f1os Quijano, as\u00ed como mandos de la Secretar\u00eda de la Defensa Nacional (Defensa).&nbsp;<\/p>\n\n\n\n<p>Ante representantes de los Poderes de Oaxaca, el mandatario estatal destac\u00f3 que la muestra tiene el prop\u00f3sito de que ni\u00f1as, ni\u00f1os, j\u00f3venes y sus familias conozcan el desempe\u00f1o del Ej\u00e9rcito, Guardia Nacional y Fuerza A\u00e9rea, pilares de unidad, fortaleza y solidaridad para M\u00e9xico.<\/p>\n\n\n\n<p>\u201cLa exhibici\u00f3n muestra el rostro humano del Ej\u00e9rcito, su compromiso con el pueblo, apoyo en emergencias, participaci\u00f3n en programas sociales, educativos y de seguridad, as\u00ed como cercan\u00eda con nuestras comunidades\u201d, indic\u00f3 Jara Cruz.<\/p>\n\n\n\n<p>La exposici\u00f3n gratuita en la que participan m\u00e1s de 480 elementos con 13 m\u00f3dulos instalados est\u00e1 abierta al p\u00fablico del 8 al 31 de agosto, de lunes a domingo en un horario de 10:00 a 18:00 horas.<\/p>\n\n\n\n<p>Por su parte, el comandante de la XXVIII Zona Militar de la Defensa, General de Brigada de Estado Mayor, Fernando Antonio Solares Lammel, mencion\u00f3 que esta muestra permite que la sociedad conozca la esencia que inspira a las y los soldados y guardias nacionales, as\u00ed como los valores y principios que gu\u00edan su actuaci\u00f3n.<\/p>\n\n\n\n<p>\u201cReiteramos nuestro compromiso de continuar participando activamente en la construcci\u00f3n de la paz, el desarrollo y bienestar del pueblo oaxaque\u00f1o\u201d, expres\u00f3.<\/p>\n","protected":false},"excerpt":{"rendered":"<p>Raymundo Morales\/Zona Roja. Oaxaca, Oax., a 9 de agosto de 2025.- Desde ayer viernes y&hellip;<\/p>\n","protected":false},"author":2,"featured_media":83322,"comment_status":"closed","ping_status":"open","sticky":false,"template":"","format":"standard","meta":{"_lmt_disableupdate":"","_lmt_disable":"","_jetpack_memberships_contains_paid_content":false,"footnotes":""},"categories":[109,46],"tags":[939],"class_list":["post-83321","post","type-post","status-publish","format-standard","has-post-thumbnail","hentry","category-minuto-a-minuto","category-zona-blanca","tag-salomon-jara-cruz"],"jetpack_featured_media_url":"https:\/\/zonaroja.com.mx\/wp-content\/uploads\/2025\/08\/La-Gran-Fuerza-de-Mexico-se-exhibe-en-el-Parque-Primavera-Oaxaquena-Cho-Ndoba-6.jpg","jetpack_sharing_enabled":true,"_links":{"self":[{"href":"https:\/\/zonaroja.com.mx\/index.php?rest_route=\/wp\/v2\/posts\/83321","targetHints":{"allow":["GET"]}}],"collection":[{"href":"https:\/\/zonaroja.com.mx\/index.php?rest_route=\/wp\/v2\/posts"}],"about":[{"href":"https:\/\/zonaroja.com.mx\/index.php?rest_route=\/wp\/v2\/types\/post"}],"author":[{"embeddable":true,"href":"https:\/\/zonaroja.com.mx\/index.php?rest_route=\/wp\/v2\/users\/2"}],"replies":[{"embeddable":true,"href":"https:\/\/zonaroja.com.mx\/index.php?rest_route=%2Fwp%2Fv2%2Fcomments&post=83321"}],"version-history":[{"count":1,"href":"https:\/\/zonaroja.com.mx\/index.php?rest_route=\/wp\/v2\/posts\/83321\/revisions"}],"predecessor-version":[{"id":83323,"href":"https:\/\/zonaroja.com.mx\/index.php?rest_route=\/wp\/v2\/posts\/83321\/revisions\/83323"}],"wp:featuredmedia":[{"embeddable":true,"href":"https:\/\/zonaroja.com.mx\/index.php?rest_route=\/wp\/v2\/media\/83322"}],"wp:attachment":[{"href":"https:\/\/zonaroja.com.mx\/index.php?rest_route=%2Fwp%2Fv2%2Fmedia&parent=83321"}],"wp:term":[{"taxonomy":"category","embeddable":true,"href":"https:\/\/zonaroja.com.mx\/index.php?rest_route=%2Fwp%2Fv2%2Fcategories&post=83321"},{"taxonomy":"post_tag","embeddable":true,"href":"https:\/\/zonaroja.com.mx\/index.php?rest_route=%2Fwp%2Fv2%2Ftags&post=83321"}],"curies":[{"name":"wp","href":"https:\/\/api.w.org\/{rel}","templated":true}]}}