{"id":83328,"date":"2025-08-09T09:45:00","date_gmt":"2025-08-09T15:45:00","guid":{"rendered":"https:\/\/zonaroja.com.mx\/?p=83328"},"modified":"2025-08-09T07:14:02","modified_gmt":"2025-08-09T13:14:02","slug":"secuestran-a-otro-menor-y-exigian-cambiarlo-por-su-padre-la-rescatan","status":"publish","type":"post","link":"https:\/\/zonaroja.com.mx\/?p=83328","title":{"rendered":"Secuestran a otro menor y exig\u00edan cambiarlo por su padre; la rescatan"},"content":{"rendered":"\n<p>Redacci\u00f3n\/Zona Roja Cdmx.<\/p>\n\n\n\n<p>Ciudad de M\u00e9xico, a 9 de agosto de 2025.- Un ni\u00f1o de cinco a\u00f1os fue rescatado este viernes 8 de agosto en Cuautla, Morelos. Seg\u00fan las indagatorias, los secuestradores condicionaron su liberaci\u00f3n a que el padre se entregara al grupo delincuencial.<\/p>\n\n\n\n<p>La Fiscal\u00eda General de Justicia de Morelos confirm\u00f3 que el menor se encuentra sano y salvo, tras una investigaci\u00f3n y un operativo de vigilancia que permiti\u00f3 su rescate.<\/p>\n\n\n\n<p>Adem\u00e1s, se investiga si este caso est\u00e1 relacionado con un incidente similar ocurrido en el Estado de M\u00e9xico, donde un ni\u00f1o llamado Fernando fue secuestrado y asesinado por sujetos que exig\u00edan el pago de una deuda a la madre, en Los Reyes, La Paz.<\/p>\n\n\n\n<p>EL RESCATE<\/p>\n\n\n\n<p>Durante la ma\u00f1ana del viernes, las autoridades desplegaron un operativo que culmin\u00f3 con el rescate exitoso del menor y la detenci\u00f3n de dos personas presuntamente vinculadas con el secuestro.<\/p>\n\n\n\n<p>Las investigaciones preliminares indican que el ni\u00f1o fue privado de su libertad por un grupo delictivo que condicion\u00f3 su liberaci\u00f3n a que el padre se entregara a esa organizaci\u00f3n, bajo amenaza de quitarle la vida.<\/p>\n\n\n\n<p>Los detenidos quedaron a disposici\u00f3n del Ministerio P\u00fablico especializado para continuar con el proceso legal correspondiente.<\/p>\n\n\n\n<p>La Fiscal\u00eda General del Estado de Morelos reiter\u00f3 su compromiso de colaborar con las instituciones de la Mesa de Coordinaci\u00f3n Estatal para fortalecer la procuraci\u00f3n de justicia y garantizar la seguridad de las familias morelenses.<\/p>\n\n\n\n<p>CASO EDOMEX<\/p>\n\n\n\n<p>Fernando, un ni\u00f1o de cinco a\u00f1os, fue encontrado sin vida el 4 de agosto en un domicilio de la colonia Ejidal El Pino, en Los Reyes, La Paz, Estado de M\u00e9xico. Fue secuestrado por una pareja de prestamistas y su hija, quienes lo retuvieron como garant\u00eda de una deuda de mil pesos.<\/p>\n\n\n\n<p>El cuerpo del menor estaba dentro de un costal y en estado de descomposici\u00f3n. Los presuntos responsables, Lilia \u201cN\u201d, Carlos \u201cN\u201d y Ana Lilia \u201cN\u201d, fueron detenidos y puestos a disposici\u00f3n del Ministerio P\u00fablico.<\/p>\n\n\n\n<p>La madre del ni\u00f1o hab\u00eda denunciado la privaci\u00f3n ilegal de la libertad tras no poder pagar la deuda. La Fiscal\u00eda General de Justicia del Estado de M\u00e9xico inici\u00f3 la investigaci\u00f3n y las autoridades localizaron a Fernando tras un operativo motivado por un olor f\u00e9tido en el inmueble.<\/p>\n\n\n\n<p>El gobierno municipal de La Paz conden\u00f3 el crimen y apoya a la familia mediante el DIF. La primera audiencia para los detenidos ser\u00e1 el 8 de agosto.<\/p>\n\n\n\n<p>(Informaci\u00f3n de \u201cExpansi\u00f3n Pol\u00edtica\u201d)<\/p>\n","protected":false},"excerpt":{"rendered":"<p>Redacci\u00f3n\/Zona Roja Cdmx. Ciudad de M\u00e9xico, a 9 de agosto de 2025.- Un ni\u00f1o de&hellip;<\/p>\n","protected":false},"author":2,"featured_media":83329,"comment_status":"closed","ping_status":"open","sticky":false,"template":"","format":"standard","meta":{"_lmt_disableupdate":"","_lmt_disable":"","_jetpack_memberships_contains_paid_content":false,"footnotes":""},"categories":[109,47],"tags":[],"class_list":["post-83328","post","type-post","status-publish","format-standard","has-post-thumbnail","hentry","category-minuto-a-minuto","category-zona-gris"],"jetpack_featured_media_url":"https:\/\/zonaroja.com.mx\/wp-content\/uploads\/2025\/08\/Menor-secuestrado-Cuautla-Morelos.webp","jetpack_sharing_enabled":true,"_links":{"self":[{"href":"https:\/\/zonaroja.com.mx\/index.php?rest_route=\/wp\/v2\/posts\/83328","targetHints":{"allow":["GET"]}}],"collection":[{"href":"https:\/\/zonaroja.com.mx\/index.php?rest_route=\/wp\/v2\/posts"}],"about":[{"href":"https:\/\/zonaroja.com.mx\/index.php?rest_route=\/wp\/v2\/types\/post"}],"author":[{"embeddable":true,"href":"https:\/\/zonaroja.com.mx\/index.php?rest_route=\/wp\/v2\/users\/2"}],"replies":[{"embeddable":true,"href":"https:\/\/zonaroja.com.mx\/index.php?rest_route=%2Fwp%2Fv2%2Fcomments&post=83328"}],"version-history":[{"count":1,"href":"https:\/\/zonaroja.com.mx\/index.php?rest_route=\/wp\/v2\/posts\/83328\/revisions"}],"predecessor-version":[{"id":83330,"href":"https:\/\/zonaroja.com.mx\/index.php?rest_route=\/wp\/v2\/posts\/83328\/revisions\/83330"}],"wp:featuredmedia":[{"embeddable":true,"href":"https:\/\/zonaroja.com.mx\/index.php?rest_route=\/wp\/v2\/media\/83329"}],"wp:attachment":[{"href":"https:\/\/zonaroja.com.mx\/index.php?rest_route=%2Fwp%2Fv2%2Fmedia&parent=83328"}],"wp:term":[{"taxonomy":"category","embeddable":true,"href":"https:\/\/zonaroja.com.mx\/index.php?rest_route=%2Fwp%2Fv2%2Fcategories&post=83328"},{"taxonomy":"post_tag","embeddable":true,"href":"https:\/\/zonaroja.com.mx\/index.php?rest_route=%2Fwp%2Fv2%2Ftags&post=83328"}],"curies":[{"name":"wp","href":"https:\/\/api.w.org\/{rel}","templated":true}]}}