{"id":83331,"date":"2025-08-09T10:45:00","date_gmt":"2025-08-09T16:45:00","guid":{"rendered":"https:\/\/zonaroja.com.mx\/?p=83331"},"modified":"2025-08-09T07:33:06","modified_gmt":"2025-08-09T13:33:06","slug":"emite-oaxaca-de-juarez-convocatoria-para-elegir-a-la-america-2025","status":"publish","type":"post","link":"https:\/\/zonaroja.com.mx\/?p=83331","title":{"rendered":"Emite Oaxaca de Ju\u00e1rez convocatoria para elegir a la \u201cAm\u00e9rica 2025\u201d"},"content":{"rendered":"\n<p>Redacci\u00f3n\/Zona Roja.<\/p>\n\n\n\n<p>Oaxaca, Oax., a 9 de agosto de 2025.- El ayuntamiento de Oaxaca de Ju\u00e1rez, a trav\u00e9s de la Secretar\u00eda Municipal, convoca a las j\u00f3venes originarias y vecinas de la capital, de entre 18 y 30 a\u00f1os de edad, a participar en la selecci\u00f3n de la \u201cAm\u00e9rica 2025\u201d y de las dos integrantes del coro c\u00edvico municipal, quienes entonar\u00e1n el Himno Nacional y cantos patrios durante los actos conmemorativos del 215 aniversario del inicio de la Independencia de M\u00e9xico, as\u00ed como en eventos oficiales durante el a\u00f1o de su designaci\u00f3n.<\/p>\n\n\n\n<p>Las inscripciones son gratuitas y estar\u00e1n abiertas hasta el jueves 28 de agosto de 2025 a las 17:00 horas, en las oficinas de la Secretar\u00eda Municipal, ubicadas en el interior del Palacio Municipal, calle Morelos 108, planta alta, de lunes a viernes de 9:00 a 17:00 horas.<\/p>\n\n\n\n<p>Entre los requisitos destacan: ser originaria y vecina del municipio, contar con aptitud para el canto, tener disponibilidad para asistir a actos c\u00edvicos y no haber sido designada anteriormente como \u201cAm\u00e9rica\u201d. La selecci\u00f3n se realizar\u00e1 el viernes 29 de agosto a las 9:00 horas, y el jurado estar\u00e1 integrado por especialistas en canto de reconocido prestigio.<\/p>\n\n\n\n<p>Las participantes seleccionadas recibir\u00e1n premios econ\u00f3micos: $15,000.00 para la Am\u00e9rica 2025, $10,000.00 y $5,000.00 para las integrantes del coro, respectivamente. El vestuario y calzado oficial ser\u00e1n proporcionados por el ayuntamiento.<\/p>\n\n\n\n<p>Con esta iniciativa, el gobierno de Oaxaca de Ju\u00e1rez promueve el fortalecimiento de nuestra identidad nacional, el talento local y la participaci\u00f3n de las juventudes en las celebraciones c\u00edvicas que nos dan sentido.<\/p>\n","protected":false},"excerpt":{"rendered":"<p>Redacci\u00f3n\/Zona Roja. Oaxaca, Oax., a 9 de agosto de 2025.- El ayuntamiento de Oaxaca de&hellip;<\/p>\n","protected":false},"author":2,"featured_media":83332,"comment_status":"closed","ping_status":"open","sticky":false,"template":"","format":"standard","meta":{"_lmt_disableupdate":"","_lmt_disable":"","_jetpack_memberships_contains_paid_content":false,"footnotes":""},"categories":[109,46],"tags":[148],"class_list":["post-83331","post","type-post","status-publish","format-standard","has-post-thumbnail","hentry","category-minuto-a-minuto","category-zona-blanca","tag-oaxaca-de-juarez"],"jetpack_featured_media_url":"https:\/\/zonaroja.com.mx\/wp-content\/uploads\/2025\/08\/Fiestas-patrias.jpg","jetpack_sharing_enabled":true,"_links":{"self":[{"href":"https:\/\/zonaroja.com.mx\/index.php?rest_route=\/wp\/v2\/posts\/83331","targetHints":{"allow":["GET"]}}],"collection":[{"href":"https:\/\/zonaroja.com.mx\/index.php?rest_route=\/wp\/v2\/posts"}],"about":[{"href":"https:\/\/zonaroja.com.mx\/index.php?rest_route=\/wp\/v2\/types\/post"}],"author":[{"embeddable":true,"href":"https:\/\/zonaroja.com.mx\/index.php?rest_route=\/wp\/v2\/users\/2"}],"replies":[{"embeddable":true,"href":"https:\/\/zonaroja.com.mx\/index.php?rest_route=%2Fwp%2Fv2%2Fcomments&post=83331"}],"version-history":[{"count":1,"href":"https:\/\/zonaroja.com.mx\/index.php?rest_route=\/wp\/v2\/posts\/83331\/revisions"}],"predecessor-version":[{"id":83333,"href":"https:\/\/zonaroja.com.mx\/index.php?rest_route=\/wp\/v2\/posts\/83331\/revisions\/83333"}],"wp:featuredmedia":[{"embeddable":true,"href":"https:\/\/zonaroja.com.mx\/index.php?rest_route=\/wp\/v2\/media\/83332"}],"wp:attachment":[{"href":"https:\/\/zonaroja.com.mx\/index.php?rest_route=%2Fwp%2Fv2%2Fmedia&parent=83331"}],"wp:term":[{"taxonomy":"category","embeddable":true,"href":"https:\/\/zonaroja.com.mx\/index.php?rest_route=%2Fwp%2Fv2%2Fcategories&post=83331"},{"taxonomy":"post_tag","embeddable":true,"href":"https:\/\/zonaroja.com.mx\/index.php?rest_route=%2Fwp%2Fv2%2Ftags&post=83331"}],"curies":[{"name":"wp","href":"https:\/\/api.w.org\/{rel}","templated":true}]}}