{"id":83334,"date":"2025-08-09T11:45:00","date_gmt":"2025-08-09T17:45:00","guid":{"rendered":"https:\/\/zonaroja.com.mx\/?p=83334"},"modified":"2025-08-09T07:33:39","modified_gmt":"2025-08-09T13:33:39","slug":"no-mas-miedo-no-mas-persecucion-el-mensaje-de-la-guelaguetza-en-nueva-york","status":"publish","type":"post","link":"https:\/\/zonaroja.com.mx\/?p=83334","title":{"rendered":"\u00ab\u00a1No m\u00e1s miedo, no m\u00e1s persecuci\u00f3n!\u00bb El mensaje de la Guelaguetza en Nueva York\u00a0"},"content":{"rendered":"\n<p>Lisbeth Mej\u00eda Reyes\/Zona Roja.<\/p>\n\n\n\n<p>Oaxaca, Oax., a 9 de agosto de 2025.- Aun con el miedo por la pol\u00edtica migratoria del presidente Donald Trump, la comunidad oaxaque\u00f1a en Estados Unidos se sobrepuso y celebr\u00f3 el pasado 3 de agosto la Guelaguetza de Poughkeepsie, Nueva York.&nbsp;<\/p>\n\n\n\n<p>Con monos de calenda, faroles, m\u00e1s de 200 m\u00fasicos y bailarines fueron parte de esta celebraci\u00f3n del alma oaxaque\u00f1a de las familias migrantes en esa ciudad.<\/p>\n\n\n\n<p>\u00abLa Guelaguetza de Poughkeepsie es una celebraci\u00f3n arraigada en las tradiciones ancestrales de Oaxaca, una expresi\u00f3n viva de identidad, unidad y orgullo cultural.&nbsp;<\/p>\n\n\n\n<p>Desde hace casi dos d\u00e9cadas, ha reunido a miles de familias, amigos y vecinos del Valle del Hudson para honrar la riqueza de la herencia oaxaque\u00f1a a trav\u00e9s del baile, la m\u00fasica y la comunidad\u00bb, se\u00f1alan los organizadores del programa en el que uno de los mensajes que reson\u00f3 fue el de la Diosa Cent\u00e9otl, Emely Hern\u00e1ndez: \u00ab\u00a1No m\u00e1s miedo. No m\u00e1s persecuci\u00f3n!\u00bb<\/p>\n\n\n\n<p>Fue un mensaje que \u00ablo dijo fuerte, en ingl\u00e9s y en espa\u00f1ol. Y nos record\u00f3 que tenemos voz, que no estamos solos\u00bb, escribi\u00f3 en sus redes sociales Felipe Santos, uno de los oaxaque\u00f1os del comit\u00e9 organizador del programa.<\/p>\n\n\n\n<p>\u00abLa Guelaguetza no es solo un festival; es un acto colectivo de memoria, celebraci\u00f3n y esperanza\u00bb, agreg\u00f3 el oaxaque\u00f1o sobre esta celebraci\u00f3n de la que reconoci\u00f3 que desde su organizaci\u00f3n hubo miedo porque le pasara algo a su comunidad: \u00abMiedo de que este evento fuera motivo de persecuci\u00f3n. Pero no dejamos que el miedo nos venciera, porque callar o cancelar habr\u00eda sido escondernos, y no tenemos por qu\u00e9 hacerlo\u00bb.<\/p>\n\n\n\n<p>En su mensaje, Santos subray\u00f3 que la comunidad oaxaque\u00f1a no es criminal sino cultura, comunidad y parte de Estados Unidos. \u00abY aunque algunos me dijeron \u201cno lo hagas\u201d, decid\u00ed seguir adelante, con la frente en alto.<\/p>\n\n\n\n<p>Porque ceder al miedo es rendirse\u2026 y nosotros no vinimos a rendirnos. Aqu\u00ed estamos. Y vamos a continuar\u00bb, escribi\u00f3 el connacional d\u00edas despu\u00e9s del evento y en una publicaci\u00f3n en la que agradeci\u00f3 todo el apoyo de sus compa\u00f1eros y del Grupo Folcl\u00f3rico de Poughkeepsie.<\/p>\n\n\n\n<p>Tambi\u00e9n comparti\u00f3 que est\u00e1 Guelaguetza \u2014conducida por la comunicadora oaxaque\u00f1a Jenifer Hern\u00e1ndez Bernab\u00e9 y Nayeli Ch\u00e1vez-Geller\u2014 ha sido reconocida con dos proclamaciones importantes: una de ellas del congresista Pat Ryan y otra del senador Rob Rolison.<\/p>\n\n\n\n<p>Como esta Guelaguetza, la comunidad oaxaque\u00f1a en Estados Unidos ha celebrado otras en distintas partes de ese pa\u00eds. Sin embargo, en casos como el de Madera, California, cancel\u00f3 sus festejos por el temor a las redadas.<\/p>\n","protected":false},"excerpt":{"rendered":"<p>Lisbeth Mej\u00eda Reyes\/Zona Roja. Oaxaca, Oax., a 9 de agosto de 2025.- Aun con el&hellip;<\/p>\n","protected":false},"author":2,"featured_media":83335,"comment_status":"closed","ping_status":"open","sticky":false,"template":"","format":"standard","meta":{"_lmt_disableupdate":"","_lmt_disable":"","_jetpack_memberships_contains_paid_content":false,"footnotes":""},"categories":[109,46],"tags":[4398],"class_list":["post-83334","post","type-post","status-publish","format-standard","has-post-thumbnail","hentry","category-minuto-a-minuto","category-zona-blanca","tag-guelaguetza-en-poughkeepsie"],"jetpack_featured_media_url":"https:\/\/zonaroja.com.mx\/wp-content\/uploads\/2025\/08\/Guelaguetza-Poughkeepsie-Nueva-York.jpg","jetpack_sharing_enabled":true,"_links":{"self":[{"href":"https:\/\/zonaroja.com.mx\/index.php?rest_route=\/wp\/v2\/posts\/83334","targetHints":{"allow":["GET"]}}],"collection":[{"href":"https:\/\/zonaroja.com.mx\/index.php?rest_route=\/wp\/v2\/posts"}],"about":[{"href":"https:\/\/zonaroja.com.mx\/index.php?rest_route=\/wp\/v2\/types\/post"}],"author":[{"embeddable":true,"href":"https:\/\/zonaroja.com.mx\/index.php?rest_route=\/wp\/v2\/users\/2"}],"replies":[{"embeddable":true,"href":"https:\/\/zonaroja.com.mx\/index.php?rest_route=%2Fwp%2Fv2%2Fcomments&post=83334"}],"version-history":[{"count":1,"href":"https:\/\/zonaroja.com.mx\/index.php?rest_route=\/wp\/v2\/posts\/83334\/revisions"}],"predecessor-version":[{"id":83336,"href":"https:\/\/zonaroja.com.mx\/index.php?rest_route=\/wp\/v2\/posts\/83334\/revisions\/83336"}],"wp:featuredmedia":[{"embeddable":true,"href":"https:\/\/zonaroja.com.mx\/index.php?rest_route=\/wp\/v2\/media\/83335"}],"wp:attachment":[{"href":"https:\/\/zonaroja.com.mx\/index.php?rest_route=%2Fwp%2Fv2%2Fmedia&parent=83334"}],"wp:term":[{"taxonomy":"category","embeddable":true,"href":"https:\/\/zonaroja.com.mx\/index.php?rest_route=%2Fwp%2Fv2%2Fcategories&post=83334"},{"taxonomy":"post_tag","embeddable":true,"href":"https:\/\/zonaroja.com.mx\/index.php?rest_route=%2Fwp%2Fv2%2Ftags&post=83334"}],"curies":[{"name":"wp","href":"https:\/\/api.w.org\/{rel}","templated":true}]}}