{"id":83340,"date":"2025-08-09T13:45:00","date_gmt":"2025-08-09T19:45:00","guid":{"rendered":"https:\/\/zonaroja.com.mx\/?p=83340"},"modified":"2025-08-09T07:44:04","modified_gmt":"2025-08-09T13:44:04","slug":"anuncia-sectur-incremento-de-vuelos-houston-puerto-escondido","status":"publish","type":"post","link":"https:\/\/zonaroja.com.mx\/?p=83340","title":{"rendered":"Anuncia Sectur incremento de vuelos Houston-Puerto Escondido"},"content":{"rendered":"\n<p>Redacci\u00f3n\/Zona Roja.&nbsp;<\/p>\n\n\n\n<p>Oaxaca, Oax., a 9 de agosto de 2025.- La Secretar\u00eda de Turismo (Sectur Oaxaca) inform\u00f3 que la ruta internacional Houston-Puerto Escondido de la aerol\u00ednea United Airlines aumentar\u00e1 dos frecuencias semanales los d\u00edas lunes y jueves a partir del 27 de octubre, hasta el mes de marzo del a\u00f1o 2026.<\/p>\n\n\n\n<p>La titular de la dependencia, Saymi Pineda Velasco indic\u00f3 que, con ello, suman tres en total, que impactar\u00e1n en la din\u00e1mica de la temporada invernal de la Costa de Oaxaca, ya que incrementar\u00e1 el flujo de turistas internacionales a Puerto Escondido y por consecuente, una mayor derrama econ\u00f3mica en beneficio de los sectores y familias de la regi\u00f3n.<\/p>\n\n\n\n<p>Explic\u00f3 que, con el incremento de estos vuelos, se suman 43 arribos y 3 mil 10 asientos adicionales, que de acuerdo a la frecuencia original, dan por resultado un total de 87 arribos y 6 mil 90 asientos internacionales disponibles.<\/p>\n\n\n\n<p>Una vez que concluya la temporada invernal, se retomar\u00e1 la frecuencia semanal los d\u00edas s\u00e1bados.<\/p>\n\n\n\n<p>Conforme al proyecto de transformaci\u00f3n del Gobierno de Oaxaca que encabeza Salom\u00f3n Jara Cruz, la Sectur contin\u00faa generando alianzas para la promoci\u00f3n tur\u00edstica y conectividad a\u00e9rea de los destinos con la finalidad de promover este sector, como un motor de desarrollo econ\u00f3mico y bienestar.<\/p>\n","protected":false},"excerpt":{"rendered":"<p>Redacci\u00f3n\/Zona Roja.&nbsp; Oaxaca, Oax., a 9 de agosto de 2025.- La Secretar\u00eda de Turismo (Sectur&hellip;<\/p>\n","protected":false},"author":2,"featured_media":83341,"comment_status":"closed","ping_status":"open","sticky":false,"template":"","format":"standard","meta":{"_lmt_disableupdate":"","_lmt_disable":"","_jetpack_memberships_contains_paid_content":false,"footnotes":""},"categories":[109,46],"tags":[1031],"class_list":["post-83340","post","type-post","status-publish","format-standard","has-post-thumbnail","hentry","category-minuto-a-minuto","category-zona-blanca","tag-secretaria-de-turismo-oaxaca"],"jetpack_featured_media_url":"https:\/\/zonaroja.com.mx\/wp-content\/uploads\/2025\/08\/Puerto-Escondido-vuelos-United-Airlines.jpg","jetpack_sharing_enabled":true,"_links":{"self":[{"href":"https:\/\/zonaroja.com.mx\/index.php?rest_route=\/wp\/v2\/posts\/83340","targetHints":{"allow":["GET"]}}],"collection":[{"href":"https:\/\/zonaroja.com.mx\/index.php?rest_route=\/wp\/v2\/posts"}],"about":[{"href":"https:\/\/zonaroja.com.mx\/index.php?rest_route=\/wp\/v2\/types\/post"}],"author":[{"embeddable":true,"href":"https:\/\/zonaroja.com.mx\/index.php?rest_route=\/wp\/v2\/users\/2"}],"replies":[{"embeddable":true,"href":"https:\/\/zonaroja.com.mx\/index.php?rest_route=%2Fwp%2Fv2%2Fcomments&post=83340"}],"version-history":[{"count":1,"href":"https:\/\/zonaroja.com.mx\/index.php?rest_route=\/wp\/v2\/posts\/83340\/revisions"}],"predecessor-version":[{"id":83342,"href":"https:\/\/zonaroja.com.mx\/index.php?rest_route=\/wp\/v2\/posts\/83340\/revisions\/83342"}],"wp:featuredmedia":[{"embeddable":true,"href":"https:\/\/zonaroja.com.mx\/index.php?rest_route=\/wp\/v2\/media\/83341"}],"wp:attachment":[{"href":"https:\/\/zonaroja.com.mx\/index.php?rest_route=%2Fwp%2Fv2%2Fmedia&parent=83340"}],"wp:term":[{"taxonomy":"category","embeddable":true,"href":"https:\/\/zonaroja.com.mx\/index.php?rest_route=%2Fwp%2Fv2%2Fcategories&post=83340"},{"taxonomy":"post_tag","embeddable":true,"href":"https:\/\/zonaroja.com.mx\/index.php?rest_route=%2Fwp%2Fv2%2Ftags&post=83340"}],"curies":[{"name":"wp","href":"https:\/\/api.w.org\/{rel}","templated":true}]}}