{"id":83347,"date":"2025-08-09T12:45:00","date_gmt":"2025-08-09T18:45:00","guid":{"rendered":"https:\/\/zonaroja.com.mx\/?p=83347"},"modified":"2025-08-09T08:02:18","modified_gmt":"2025-08-09T14:02:18","slug":"investigaban-delitos-a-presidenta-del-tribunal-de-justicia-de-tamaulipas","status":"publish","type":"post","link":"https:\/\/zonaroja.com.mx\/?p=83347","title":{"rendered":"\u00bfInvestigaban delitos a presidenta del Tribunal de Justicia de Tamaulipas?"},"content":{"rendered":"\n<p>Redacci\u00f3n\/Zona Roja Cdmx.<\/p>\n\n\n\n<p>Ciudad de M\u00e9xico, a 9 de agosto de 2025.- El asesinato de Ernesto Cuitl\u00e1huac V\u00e1zquez Reyna, delegado de la Fiscal\u00eda General de la Rep\u00fablica (FGR) en Reynosa, Tamaulipas, contin\u00faa generando informaci\u00f3n. Ahora, se ha dado a conocer que el funcionario investigaba un caso de presunta asociaci\u00f3n delictuosa y tr\u00e1fico de influencias.<\/p>\n\n\n\n<p>De acuerdo con la periodista Azucena Uresti, V\u00e1zquez Reyna investigaba a Tania Contreras L\u00f3pez, presidenta electa del Supremo Tribunal de Justicia de Tamaulipas, al momento de ser blanco de un ataque directo en el que perdi\u00f3 la vida.<\/p>\n\n\n\n<p>Tania Gisela Contreras L\u00f3pez es la presidenta electa del Supremo Tribunal de Justicia de Tamaulipas, la primera mujer en asumir este cargo mediante voto popular, durante las elecciones del 1 de junio<\/p>\n\n\n\n<p>Su nombramiento fue ratificado por el Tribunal Electoral del Poder Judicial de la Federaci\u00f3n (TEPJF) en julio pasado, tras desestimar impugnaciones del PAN sobre su elegibilidad.<\/p>\n\n\n\n<p>Cuenta con estudios como una licenciatura en Derecho por la Universidad Aut\u00f3noma de Tamaulipas, una maestr\u00eda en Derecho Constitucional por la misma casa de estudios; as\u00ed como otra maestr\u00eda en Derecho Parlamentario por la Universidad Aut\u00f3noma del Estado de M\u00e9xico.<\/p>\n\n\n\n<p>Entre sus cargos p\u00fablicos ha sido consejera electoral del Instituto Electoral de Tamaulipas; y durante el primer tramo de gobierno de Am\u00e9rico Villarreal en el estado, fue consejera jur\u00eddica del Gobierno de Tamaulipas, lo que la vincula directamente con la administraci\u00f3n morenista.<\/p>\n\n\n\n<p>El pasado 1 de junio fue elegida como magistrada presidenta del Supremo Tribunal de Justicia de Tamaulipas, por lo que asumir\u00e1 el cargo apenas el pr\u00f3ximo 1 de octubre.<\/p>\n\n\n\n<p>Tania Contreras estar\u00eda vinculada al partido Morena y su elecci\u00f3n ha sido percibida como un triunfo de Morena en Tamaulipas, lo que desat\u00f3 cr\u00edticas de la oposici\u00f3n, que la acus\u00f3 de beneficiar a intereses partidistas.<\/p>\n\n\n\n<p>VARIAS ACUSACIONES<\/p>\n\n\n\n<p>Durante su campa\u00f1a, Contreras L\u00f3pez enfrent\u00f3 una denuncia del PAN por presuntos delitos de tr\u00e1fico de influencias y asociaci\u00f3n delictuosa, caso que fue investigado por el fiscal Ernesto Cuitl\u00e1huac V\u00e1zquez Reyna.<\/p>\n\n\n\n<p>De acuerdo con \u201cEl Universal\u201d, la carpeta de investigaci\u00f3n FED\/TAMP\/REY)0000954\/2025 detalla que V\u00e1squez Reyna investigaba a Tania Contreras y a Juan Carlos Madero Larios, exdirector del Centro de Operaciones de Aduanas, quien est\u00e1 acusado de presunto tr\u00e1fico ilegal de hidrocarburos.<\/p>\n\n\n\n<p>Seg\u00fan el reporte, la funcionaria electa se desempe\u00f1\u00f3 como consejera jur\u00eddica de Madero Larios, quien es se\u00f1alado como su cu\u00f1ado, de acuerdo con el PAN.<\/p>\n\n\n\n<p>En mayo pasado, Tania Contreras fue se\u00f1alada por diputados del PAN de buscar \u201csilenciar a H\u00e9ctor de Maule\u00f3n\u201d quien report\u00f3 que su cu\u00f1ado, Juan Carlos Madero Larios, fue se\u00f1alado por la Secretar\u00eda de la Defensa Nacional (Sedena) como responsable de huachicol fiscal.<\/p>\n\n\n\n<p>En su columna titulada \u201cHuachicol y poder judicial en Tamaulipas\u201d, De Maule\u00f3n mencion\u00f3 a Tania Contreras cuando esta era candidata a magistrada, en el contexto de una investigaci\u00f3n sobre una red de tr\u00e1fico de huachicol y contrabando.<\/p>\n\n\n\n<p>Tras ello, Contreras denunci\u00f3 al periodista ante el Tribunal Electoral de Tamaulipas, acus\u00e1ndolo de violencia pol\u00edtica de g\u00e9nero y calumnia electoral.<\/p>\n\n\n\n<p>(Informaci\u00f3n de \u201cPol\u00edtico.Mx\u201d)<\/p>\n","protected":false},"excerpt":{"rendered":"<p>Redacci\u00f3n\/Zona Roja Cdmx. Ciudad de M\u00e9xico, a 9 de agosto de 2025.- El asesinato de&hellip;<\/p>\n","protected":false},"author":2,"featured_media":83348,"comment_status":"closed","ping_status":"open","sticky":false,"template":"","format":"standard","meta":{"_lmt_disableupdate":"","_lmt_disable":"","_jetpack_memberships_contains_paid_content":false,"footnotes":""},"categories":[109,47],"tags":[4399],"class_list":["post-83347","post","type-post","status-publish","format-standard","has-post-thumbnail","hentry","category-minuto-a-minuto","category-zona-gris","tag-tania-contreras-lopez"],"jetpack_featured_media_url":"https:\/\/zonaroja.com.mx\/wp-content\/uploads\/2025\/08\/Tania-Contreras-Lopez-Tamaulipas.jpeg","jetpack_sharing_enabled":true,"_links":{"self":[{"href":"https:\/\/zonaroja.com.mx\/index.php?rest_route=\/wp\/v2\/posts\/83347","targetHints":{"allow":["GET"]}}],"collection":[{"href":"https:\/\/zonaroja.com.mx\/index.php?rest_route=\/wp\/v2\/posts"}],"about":[{"href":"https:\/\/zonaroja.com.mx\/index.php?rest_route=\/wp\/v2\/types\/post"}],"author":[{"embeddable":true,"href":"https:\/\/zonaroja.com.mx\/index.php?rest_route=\/wp\/v2\/users\/2"}],"replies":[{"embeddable":true,"href":"https:\/\/zonaroja.com.mx\/index.php?rest_route=%2Fwp%2Fv2%2Fcomments&post=83347"}],"version-history":[{"count":1,"href":"https:\/\/zonaroja.com.mx\/index.php?rest_route=\/wp\/v2\/posts\/83347\/revisions"}],"predecessor-version":[{"id":83349,"href":"https:\/\/zonaroja.com.mx\/index.php?rest_route=\/wp\/v2\/posts\/83347\/revisions\/83349"}],"wp:featuredmedia":[{"embeddable":true,"href":"https:\/\/zonaroja.com.mx\/index.php?rest_route=\/wp\/v2\/media\/83348"}],"wp:attachment":[{"href":"https:\/\/zonaroja.com.mx\/index.php?rest_route=%2Fwp%2Fv2%2Fmedia&parent=83347"}],"wp:term":[{"taxonomy":"category","embeddable":true,"href":"https:\/\/zonaroja.com.mx\/index.php?rest_route=%2Fwp%2Fv2%2Fcategories&post=83347"},{"taxonomy":"post_tag","embeddable":true,"href":"https:\/\/zonaroja.com.mx\/index.php?rest_route=%2Fwp%2Fv2%2Ftags&post=83347"}],"curies":[{"name":"wp","href":"https:\/\/api.w.org\/{rel}","templated":true}]}}