{"id":83351,"date":"2025-08-09T19:19:06","date_gmt":"2025-08-10T01:19:06","guid":{"rendered":"https:\/\/zonaroja.com.mx\/?p=83351"},"modified":"2025-08-09T19:19:06","modified_gmt":"2025-08-10T01:19:06","slug":"se-unen-organizaciones-y-sociedad-civil-para-exigir-quimioterapias-y-medicamentos","status":"publish","type":"post","link":"https:\/\/zonaroja.com.mx\/?p=83351","title":{"rendered":"Se unen organizaciones y sociedad civil para exigir quimioterapias y medicamentos&nbsp;"},"content":{"rendered":"\n<p>Lisbeth Mej\u00eda Reyes\/Zona Roja.&nbsp;<\/p>\n\n\n\n<p>Oaxaca, Oax., a 9 de agosto de 2025.- Al grito de: \u00ab\u00a1Mentira, no es cierto. No hay medicamentos!\u00bb, familiares y pacientes con c\u00e1ncer, adem\u00e1s de organizaciones de la sociedad civil, se manifestaron este s\u00e1bado en la capital oaxaque\u00f1a para exigir un acceso real a su derecho a la salud.&nbsp;<\/p>\n\n\n\n<p>Decenas de personas se reunieron por la ma\u00f1ana en la fuente de las Ocho Regiones, a un costado del hospital civil \u201cDr. Aurelio Valdivieso\u201d, que en reiteradas ocasiones ha mostrado las carencias en el sistema de salud estatal y ahora federal.<\/p>\n\n\n\n<p>Con carteles, vestidos con playeras blancas y algunos con peluches como muestra de empat\u00eda a las ni\u00f1as y ni\u00f1os con c\u00e1ncer, las y los manifestantes salieron rumbo al Paseo Ju\u00e1rez \u201cEl Llano\u201d. Bajo el sol y con sombrillas, pero tambi\u00e9n con el coraje como muestra de sus luchas, marcharon por la calza Porfirio D\u00edaz.&nbsp;<\/p>\n\n\n\n<p>Al frente, una gran manta en color negro externaba una de las carencias y reclamos principales: \u00ab\u00a1No hay quimio, medicinas para todas y todos!\u00bb<\/p>\n\n\n\n<p>La marcha fue parte de la protesta nacional para exigir a las autoridades estatales y federales la dotaci\u00f3n de medicinas a todas las unidades m\u00e9dicas, especialmente para garantizar los tratamientos de pacientes con c\u00e1ncer.<\/p>\n\n\n\n<p>Adem\u00e1s de la organizaci\u00f3n Con Causa, que ha luchado por medicamentos y apoyos para menores de edad con c\u00e1ncer, tambi\u00e9n se sumaron organizaciones como Mujeres de Luz, que dieron cuenta del desabasto de medicamentos e insumos para pacientes como ellas.<\/p>\n\n\n\n<p>\u00abHay desabasto oncol\u00f3gico, por eso nuestras pancartas dicen: \u00bfd\u00f3nde est\u00e1n nuestras aportaciones si nos descuentan puntualmente?\u00bb<\/p>\n\n\n\n<p>En la marcha tambi\u00e9n se escucharon consignas como \u00a1La salud es un derecho, no un privilegio! Y \u00a1No queremos conciertos, queremos medicinas!<\/p>\n\n\n\n<p>Ni\u00f1as y ni\u00f1os fueron parte de esta protesta, en la que igualmente participaron algunos trabajadores de la salud que han denunciado en diversas ocasiones la falta de medicamentos en las unidades m\u00e9dicas del estado.&nbsp;<\/p>\n\n\n\n<p>\u00abNo hay medicamentos para nosotras. El medicamento es la vida para nosotras, es la \u00fanica oportunidad que tenemos para seguir viviendo, debe de aplicarse de manera puntual, sin restricci\u00f3n de parte de las instituciones m\u00e9dicas\u00bb se\u00f1alaron integrantes de Mujeres de Luz, al mostrar su respaldo a la manifestaci\u00f3n.<\/p>\n\n\n\n<p>\u00abEstamos aqu\u00ed para apoyar porque si nosotros la pasamos mal, los ni\u00f1os mucho m\u00e1s. Nuestros amados ni\u00f1os que son el futuro, el presente de nuestra humanidad en este momento. Las mujeres tambi\u00e9n somos la parte fundamental en la familia, los pilares. Si nosotras nos enfermamos, se enferma toda la familia. Requerimos llegar a las autoridades para que tengamos medicamentos, que nuestra voz se oiga, que seamos visibles\u00bb, externaron.&nbsp;<\/p>\n\n\n\n<p><\/p>\n","protected":false},"excerpt":{"rendered":"<p>Lisbeth Mej\u00eda Reyes\/Zona Roja.&nbsp; Oaxaca, Oax., a 9 de agosto de 2025.- Al grito de:&hellip;<\/p>\n","protected":false},"author":2,"featured_media":83350,"comment_status":"closed","ping_status":"open","sticky":false,"template":"","format":"standard","meta":{"_lmt_disableupdate":"","_lmt_disable":"","_jetpack_memberships_contains_paid_content":false,"footnotes":""},"categories":[109,47],"tags":[],"class_list":["post-83351","post","type-post","status-publish","format-standard","has-post-thumbnail","hentry","category-minuto-a-minuto","category-zona-gris"],"jetpack_featured_media_url":"https:\/\/zonaroja.com.mx\/wp-content\/uploads\/2025\/08\/a21a8368-99c9-4a60-8215-4bfa5ceca9c2.jpg","jetpack_sharing_enabled":true,"_links":{"self":[{"href":"https:\/\/zonaroja.com.mx\/index.php?rest_route=\/wp\/v2\/posts\/83351","targetHints":{"allow":["GET"]}}],"collection":[{"href":"https:\/\/zonaroja.com.mx\/index.php?rest_route=\/wp\/v2\/posts"}],"about":[{"href":"https:\/\/zonaroja.com.mx\/index.php?rest_route=\/wp\/v2\/types\/post"}],"author":[{"embeddable":true,"href":"https:\/\/zonaroja.com.mx\/index.php?rest_route=\/wp\/v2\/users\/2"}],"replies":[{"embeddable":true,"href":"https:\/\/zonaroja.com.mx\/index.php?rest_route=%2Fwp%2Fv2%2Fcomments&post=83351"}],"version-history":[{"count":1,"href":"https:\/\/zonaroja.com.mx\/index.php?rest_route=\/wp\/v2\/posts\/83351\/revisions"}],"predecessor-version":[{"id":83352,"href":"https:\/\/zonaroja.com.mx\/index.php?rest_route=\/wp\/v2\/posts\/83351\/revisions\/83352"}],"wp:featuredmedia":[{"embeddable":true,"href":"https:\/\/zonaroja.com.mx\/index.php?rest_route=\/wp\/v2\/media\/83350"}],"wp:attachment":[{"href":"https:\/\/zonaroja.com.mx\/index.php?rest_route=%2Fwp%2Fv2%2Fmedia&parent=83351"}],"wp:term":[{"taxonomy":"category","embeddable":true,"href":"https:\/\/zonaroja.com.mx\/index.php?rest_route=%2Fwp%2Fv2%2Fcategories&post=83351"},{"taxonomy":"post_tag","embeddable":true,"href":"https:\/\/zonaroja.com.mx\/index.php?rest_route=%2Fwp%2Fv2%2Ftags&post=83351"}],"curies":[{"name":"wp","href":"https:\/\/api.w.org\/{rel}","templated":true}]}}