{"id":83354,"date":"2025-08-10T07:55:00","date_gmt":"2025-08-10T13:55:00","guid":{"rendered":"https:\/\/zonaroja.com.mx\/?p=83354"},"modified":"2025-08-10T06:24:23","modified_gmt":"2025-08-10T12:24:23","slug":"violencia-sin-freno-en-el-istmo-ejecutados-en-juchitan-y-en-salina-cruz","status":"publish","type":"post","link":"https:\/\/zonaroja.com.mx\/?p=83354","title":{"rendered":"Violencia sin freno en el Istmo: ejecutados en Juchit\u00e1n y en Salina Cruz"},"content":{"rendered":"\n<p>Raymundo Morales\/Zona Roja.<\/p>\n\n\n\n<p>Oaxaca, Oax., a 10 de agosto de 2025.- La ola de asesinatos no para en la regi\u00f3n del Istmo de Tehuantepec y ayer s\u00e1bado se perpetraron dos casos.<\/p>\n\n\n\n<p>En el municipio de Juchit\u00e1n de Zaragoza, un hombre fue ultimado a balazos cuando llegaba a su domicilio, en la Sexta Secci\u00f3n, y una menor de edad result\u00f3 lesionada.<\/p>\n\n\n\n<p>La v\u00edctima fatal fue identificada como Mario P. C., de oficio mototaxista, quien acud\u00eda a visitar a sus familiares, en un domicilio en la calle Ferrocarril, cuando fue agredido por sujetos armados; logr\u00f3 cubrir con su cuerpo a su menor hija, que result\u00f3 con lesiones menores.<\/p>\n\n\n\n<p>Los atacantes lograron escapar de la zona y, pese a los operativos policiacos de b\u00fasqueda, no hubo resultados positivos.<\/p>\n\n\n\n<p>EN SALINA CRUZ<\/p>\n\n\n\n<p>Tambi\u00e9n ayer por la tarde pero en el municipio de Salina Cruz, un individuo a\u00fan no identificado, fue ejecutado a balazos en la calle Oaxaca de la colonia Hidalgo Poniente.<\/p>\n\n\n\n<p>Los vecinos reportaron al n\u00famero de emergencia 911 m\u00faltiples impactos de arma de fuego; cuando llegaron los elementos policiacos, \u00fanicamente hallaron un cuerpo sin vida.<\/p>\n\n\n\n<p>Hasta el momento se desconocen los datos del hoy occiso as\u00ed como el m\u00f3vil del crimen; ambos casos son investigados por la Vicefiscal\u00eda Regional del Istmo, dependiente de la Fiscal\u00eda General del Estado de Oaxaca.<\/p>\n\n\n\n<p>Cabe mencionar que en la \u00faltima semana se registraron tambi\u00e9n varios cr\u00edmenes en la zona istme\u00f1a.<\/p>\n\n\n\n<p>Apenas el pasado jueves 7 de agosto fue ultimado un individuo en Juchit\u00e1n de Zaragoza; el mi\u00e9rcoles 6, dos v\u00edctimas fatales m\u00e1s, entre ellos un adolescente que calcinaron en un mototaxi.<\/p>\n\n\n\n<p>Mientras que el martes 5 de agosto, un hombre fue asesinado a golpes en el municipio de Santa Mar\u00eda Petapa.<\/p>\n","protected":false},"excerpt":{"rendered":"<p>Raymundo Morales\/Zona Roja. Oaxaca, Oax., a 10 de agosto de 2025.- La ola de asesinatos&hellip;<\/p>\n","protected":false},"author":2,"featured_media":83358,"comment_status":"closed","ping_status":"open","sticky":false,"template":"","format":"standard","meta":{"_lmt_disableupdate":"","_lmt_disable":"","_jetpack_memberships_contains_paid_content":false,"footnotes":""},"categories":[109,51],"tags":[1542,297],"class_list":["post-83354","post","type-post","status-publish","format-standard","has-post-thumbnail","hentry","category-minuto-a-minuto","category-zona-roja","tag-ejecutado-en-salina-cruz","tag-ejecutado-juchitan"],"jetpack_featured_media_url":"https:\/\/zonaroja.com.mx\/wp-content\/uploads\/2025\/08\/Ejecutado-en-Salina-Cruz.jpg","jetpack_sharing_enabled":true,"_links":{"self":[{"href":"https:\/\/zonaroja.com.mx\/index.php?rest_route=\/wp\/v2\/posts\/83354","targetHints":{"allow":["GET"]}}],"collection":[{"href":"https:\/\/zonaroja.com.mx\/index.php?rest_route=\/wp\/v2\/posts"}],"about":[{"href":"https:\/\/zonaroja.com.mx\/index.php?rest_route=\/wp\/v2\/types\/post"}],"author":[{"embeddable":true,"href":"https:\/\/zonaroja.com.mx\/index.php?rest_route=\/wp\/v2\/users\/2"}],"replies":[{"embeddable":true,"href":"https:\/\/zonaroja.com.mx\/index.php?rest_route=%2Fwp%2Fv2%2Fcomments&post=83354"}],"version-history":[{"count":1,"href":"https:\/\/zonaroja.com.mx\/index.php?rest_route=\/wp\/v2\/posts\/83354\/revisions"}],"predecessor-version":[{"id":83359,"href":"https:\/\/zonaroja.com.mx\/index.php?rest_route=\/wp\/v2\/posts\/83354\/revisions\/83359"}],"wp:featuredmedia":[{"embeddable":true,"href":"https:\/\/zonaroja.com.mx\/index.php?rest_route=\/wp\/v2\/media\/83358"}],"wp:attachment":[{"href":"https:\/\/zonaroja.com.mx\/index.php?rest_route=%2Fwp%2Fv2%2Fmedia&parent=83354"}],"wp:term":[{"taxonomy":"category","embeddable":true,"href":"https:\/\/zonaroja.com.mx\/index.php?rest_route=%2Fwp%2Fv2%2Fcategories&post=83354"},{"taxonomy":"post_tag","embeddable":true,"href":"https:\/\/zonaroja.com.mx\/index.php?rest_route=%2Fwp%2Fv2%2Ftags&post=83354"}],"curies":[{"name":"wp","href":"https:\/\/api.w.org\/{rel}","templated":true}]}}