{"id":83374,"date":"2025-08-10T13:45:00","date_gmt":"2025-08-10T19:45:00","guid":{"rendered":"https:\/\/zonaroja.com.mx\/?p=83374"},"modified":"2025-08-10T06:54:43","modified_gmt":"2025-08-10T12:54:43","slug":"que-tal-hugo-aguilar-ortiz-defiende-uso-de-acordeones-en-eleccion-judicial","status":"publish","type":"post","link":"https:\/\/zonaroja.com.mx\/?p=83374","title":{"rendered":"\u00bfQu\u00e9 tal? Hugo Aguilar Ortiz defiende uso de acordeones en elecci\u00f3n judicial"},"content":{"rendered":"\n<p>Redacci\u00f3n\/Zona Roja Cdmx.<\/p>\n\n\n\n<p>Ciudad de M\u00e9xico, a 10 de agosto de 2025.- El ministro presidente electo de la Suprema Corte de Justicia de la Naci\u00f3n (SCJN), Hugo Aguilar Ortiz, asever\u00f3 que los acordeones que algunos ciudadanos utilizaron para votar durante la elecci\u00f3n al Poder Judicial, eran necesarios.<\/p>\n\n\n\n<p>\u201cHa habido cr\u00edticas por el acorde\u00f3n, yo le digo a todo M\u00e9xico y a quienes critican; para los pueblos ind\u00edgenas era un proceso dif\u00edcil y era necesaria una gu\u00eda\u201d, destac\u00f3 Aguilar Ortiz durante un evento por el D\u00eda Internacional de los Pueblos Ind\u00edgenas.<\/p>\n\n\n\n<p>Sus declaraciones surgen luego de que el pasado viernes, dio a conocer que impugnar\u00e1 la sanci\u00f3n determinada por el Tribunal Electoral, a los candidatos ganadores que aparec\u00edan en los acordeones electorales.<\/p>\n\n\n\n<p>Asimismo, calific\u00f3 el proceso como \u201cun hecho hist\u00f3rico que todos debemos valorar\u201d y asegur\u00f3 que su campa\u00f1a electoral nacional tuvo un costo econ\u00f3mico m\u00ednimo.<\/p>\n\n\n\n<p>\u201cHicimos actos debajo de enramados, en la orilla de las carreteras y no se gast\u00f3 un solo peso porque los pueblos cooperaron para lograr este triunfo\u201d, se\u00f1al\u00f3 el presidente electo de la Corte.<\/p>\n\n\n\n<p>Para finalizar su discurso, en el marco del D\u00eda Internacional de los Pueblos Ind\u00edgenas, Hugo Aguilar anunci\u00f3 que propondr\u00e1 un modelo de cercan\u00eda con los mexicanos, dentro de la Suprema Corte de Justicia de la Naci\u00f3n.<\/p>\n\n\n\n<p>\u201cVamos a proponer que se mantenga esa relaci\u00f3n que surgi\u00f3 despu\u00e9s del proceso electoral, seremos jueces, magistrados y ministros de territorio\u201d, concluy\u00f3.<\/p>\n\n\n\n<p>LA ASUNCI\u00d3N<\/p>\n\n\n\n<p>El pasado 5 de agosto, Hugo Aguilar Ortiz, quien encabezar\u00e1 la SCJN, se reuni\u00f3 con los representantes del Senado de la Rep\u00fablica para delinear los detalles del acto protocolario de toma de protesta de los ministros que se realizar\u00e1 el pr\u00f3ximo 1 de septiembre.<\/p>\n\n\n\n<p>Aquel d\u00eda, los ministros estar\u00e1n convocados a las 19:30 horas en el Senado para rendir protesta, al igual que los magistrados de los tribunales de Disciplina Judicial, Electoral del Poder Judicial de la Federaci\u00f3n y de sus salas regionales.<\/p>\n\n\n\n<p>Posteriormente, a partir de las 20:00 horas y hasta las 21:30 horas se tomar\u00e1 protesta a los magistrados de circuito, de forma escalonada y conforme sus circuitos. De las 21:30 hasta las 23:00 horas ser\u00e1 la toma de protesta de los jueces de distrito.<\/p>\n\n\n\n<p>Los nuevos integrantes de la SCJN tambi\u00e9n participar\u00e1n en una ceremonia de entrega del Bast\u00f3n de Mando y Servicio, encabezada por representantes de pueblos ind\u00edgenas y afromexicanos, a las afueras del recinto, junto al monumento que conmemora la fundaci\u00f3n de Tenochtitl\u00e1n.<\/p>\n\n\n\n<p>Ese mismo d\u00eda la presidenta Claudia Sheinbaum presentar\u00e1 su Primer Informe de Gobierno, como lo establece la Constituci\u00f3n, y se llevar\u00e1 a cabo la instalaci\u00f3n del Congreso de la Uni\u00f3n.<\/p>\n\n\n\n<p>(Informaci\u00f3n de \u201cEl Financiero\u201d)<\/p>\n","protected":false},"excerpt":{"rendered":"<p>Redacci\u00f3n\/Zona Roja Cdmx. Ciudad de M\u00e9xico, a 10 de agosto de 2025.- El ministro presidente&hellip;<\/p>\n","protected":false},"author":2,"featured_media":81045,"comment_status":"closed","ping_status":"open","sticky":false,"template":"","format":"standard","meta":{"_lmt_disableupdate":"","_lmt_disable":"","_jetpack_memberships_contains_paid_content":false,"footnotes":""},"categories":[109,47],"tags":[4324],"class_list":["post-83374","post","type-post","status-publish","format-standard","has-post-thumbnail","hentry","category-minuto-a-minuto","category-zona-gris","tag-hugo-aguilar-ortiz"],"jetpack_featured_media_url":"https:\/\/zonaroja.com.mx\/wp-content\/uploads\/2025\/06\/Hugo-Aguilar-y-Andres-Manuel-Lopez.webp","jetpack_sharing_enabled":true,"_links":{"self":[{"href":"https:\/\/zonaroja.com.mx\/index.php?rest_route=\/wp\/v2\/posts\/83374","targetHints":{"allow":["GET"]}}],"collection":[{"href":"https:\/\/zonaroja.com.mx\/index.php?rest_route=\/wp\/v2\/posts"}],"about":[{"href":"https:\/\/zonaroja.com.mx\/index.php?rest_route=\/wp\/v2\/types\/post"}],"author":[{"embeddable":true,"href":"https:\/\/zonaroja.com.mx\/index.php?rest_route=\/wp\/v2\/users\/2"}],"replies":[{"embeddable":true,"href":"https:\/\/zonaroja.com.mx\/index.php?rest_route=%2Fwp%2Fv2%2Fcomments&post=83374"}],"version-history":[{"count":1,"href":"https:\/\/zonaroja.com.mx\/index.php?rest_route=\/wp\/v2\/posts\/83374\/revisions"}],"predecessor-version":[{"id":83375,"href":"https:\/\/zonaroja.com.mx\/index.php?rest_route=\/wp\/v2\/posts\/83374\/revisions\/83375"}],"wp:featuredmedia":[{"embeddable":true,"href":"https:\/\/zonaroja.com.mx\/index.php?rest_route=\/wp\/v2\/media\/81045"}],"wp:attachment":[{"href":"https:\/\/zonaroja.com.mx\/index.php?rest_route=%2Fwp%2Fv2%2Fmedia&parent=83374"}],"wp:term":[{"taxonomy":"category","embeddable":true,"href":"https:\/\/zonaroja.com.mx\/index.php?rest_route=%2Fwp%2Fv2%2Fcategories&post=83374"},{"taxonomy":"post_tag","embeddable":true,"href":"https:\/\/zonaroja.com.mx\/index.php?rest_route=%2Fwp%2Fv2%2Ftags&post=83374"}],"curies":[{"name":"wp","href":"https:\/\/api.w.org\/{rel}","templated":true}]}}