{"id":83387,"date":"2025-08-11T07:26:46","date_gmt":"2025-08-11T13:26:46","guid":{"rendered":"https:\/\/zonaroja.com.mx\/?p=83387"},"modified":"2025-08-11T07:26:48","modified_gmt":"2025-08-11T13:26:48","slug":"bombardeos-de-israel-contra-gaza-matan-a-cinco-periodistas","status":"publish","type":"post","link":"https:\/\/zonaroja.com.mx\/?p=83387","title":{"rendered":"Bombardeos de Israel contra Gaza matan a cinco periodistas"},"content":{"rendered":"\n<p>Redacci\u00f3n\/Zona Roja Cdmx.<\/p>\n\n\n\n<p>Ciudad de M\u00e9xico, a 11 de agosto de 2025.- Los bombardeos no cesan\u2026 hace dos horas, la agresi\u00f3n israel\u00ed se intensific\u00f3 sobre la ciudad de Gaza\u201d, ese fue el \u00faltimo mensaje que public\u00f3 el periodista Anas Al Sharif en su cuenta de X, antes de ser asesinado en los ataques a\u00e9reos, tal como informaron las propias Fuerzas de Defensa de Israel (FDI).&nbsp;<\/p>\n\n\n\n<p>Pero no muri\u00f3 solo \u00e9l. Israel asesin\u00f3 al equipo de periodistas de la cadena Al Jazeera que reportaban el genocidio en Gaza. Se trata del corresponsal Mohammed Qraiqea y los operadores de c\u00e1mara Ibrahim Zaher, Mohammed Noufal y Moamen Aliwa, alcanzados por un proyectil en una carpa reservada para la prensa.<\/p>\n\n\n\n<p>Los reporteros son las v\u00edctimas m\u00e1s recientes de las agresiones de Israel contra trabajadores de los medios de comunicaci\u00f3n en territorio palestino. Desde julio pasado, el Comit\u00e9 para la Protecci\u00f3n de Periodistas (CPJ) hab\u00eda alertado que la vida de Anas Al Sharif corr\u00eda peligro, tras ser objetivo de una campa\u00f1a de difamaci\u00f3n por parte del Ej\u00e9rcito israel\u00ed.&nbsp;<\/p>\n\n\n\n<p>\u201cEstamos profundamente alarmados por las reiteradas amenazas del portavoz del ej\u00e9rcito israel\u00ed, Avichay Adraee\u201d, dijo la directora regional del CPJ en julio pasado, despu\u00e9s de que se acusara a Anas de pertenecer al grupo terrorista Ham\u00e1s y alert\u00f3: \u201cEstas \u00faltimas acusaciones infundadas representan un intento de fabricar el consentimiento para asesinar a Al-Sharif\u201d.<\/p>\n\n\n\n<p>Anas Al Sharif, periodista de 28 a\u00f1os, fue uno de los rostros m\u00e1s reconocibles de la cobertura del genocidio en Gaza. Su imagen se volvi\u00f3 viral el pasado 15 de enero, cuando confiado se quit\u00f3 el chaleco antibalas ante el aviso de cese al fuego de Israel. Sin embargo, este acuerdo fracas\u00f3 y ahora Benjamin Netanyahu anunci\u00f3 como \u201csoluci\u00f3n\u201d un plan de ocupaci\u00f3n del territorio palestino.&nbsp;<\/p>\n\n\n\n<p>En sus \u00faltimas transmisiones, Al Sharif cubri\u00f3 la hambruna en Gaza y no pudo evitar derramar l\u00e1grimas ante el desastre humanitario del que fue testigo. Una de estas coberturas le mereci\u00f3 amenazas por parte de Adraee, quien calific\u00f3 sus reportes como \u201cpropaganda\u201d y \u201cexageraci\u00f3n\u201d.&nbsp;&nbsp;<\/p>\n\n\n\n<p>La cuenta oficial de Al Sharif en X public\u00f3 una carta p\u00f3stuma escrita en caso de ser asesinado:&nbsp;<\/p>\n\n\n\n<p>\u201cEsta es mi voluntad y mi mensaje final. Si estas palabras m\u00edas llegan a ustedes, sepan que Israel ha logrado matarme y silenciar mi voz.<\/p>\n\n\n\n<p>\u201cPor Dios, he puesto todo el esfuerzo y la fuerza que ten\u00eda para ser un apoyo y una voz para la gente de mi naci\u00f3n, desde que abr\u00ed los ojos a la vida en los callejones y calles del campo de refugiados de Jabalia.<\/p>\n\n\n\n<p>\u201cHe vivido el dolor en todos sus detalles, he experimentado el sufrimiento y la p\u00e9rdida muchas veces, pero nunca dud\u00e9 en transmitir la verdad tal como es, sin distorsi\u00f3n ni falsificaci\u00f3n, para que Al\u00e1 d\u00e9 testimonio contra quienes guardaron silencio, quienes aceptaron nuestra muerte, quienes nos ahogaron la respiraci\u00f3n, y cuyos corazones permanecieron impasibles ante los restos dispersos de nuestros ni\u00f1os y mujeres, sin hacer nada para detener la masacre que nuestro pueblo ha sufrido durante m\u00e1s de un a\u00f1o y medio\u201d.<\/p>\n\n\n\n<p>A Al Sharif le sobreviven su esposa, sus dos hijos y su madre. Su padre, Jamal, fue asesinado en diciembre de 2023 tras un ataque a\u00e9reo contra el domicilio del periodista.<\/p>\n\n\n\n<p>(Informaci\u00f3n de \u201cF\u00e1brica de Periodismo\u201d)<\/p>\n","protected":false},"excerpt":{"rendered":"<p>Redacci\u00f3n\/Zona Roja Cdmx. Ciudad de M\u00e9xico, a 11 de agosto de 2025.- Los bombardeos no&hellip;<\/p>\n","protected":false},"author":2,"featured_media":83388,"comment_status":"closed","ping_status":"open","sticky":false,"template":"","format":"standard","meta":{"_lmt_disableupdate":"","_lmt_disable":"","_jetpack_memberships_contains_paid_content":false,"footnotes":""},"categories":[109,47],"tags":[2668],"class_list":["post-83387","post","type-post","status-publish","format-standard","has-post-thumbnail","hentry","category-minuto-a-minuto","category-zona-gris","tag-conflicto-gaza-israel"],"jetpack_featured_media_url":"https:\/\/zonaroja.com.mx\/wp-content\/uploads\/2025\/08\/Periodista-Anas-Al-Sharif-Al-Jazeera.jpeg","jetpack_sharing_enabled":true,"_links":{"self":[{"href":"https:\/\/zonaroja.com.mx\/index.php?rest_route=\/wp\/v2\/posts\/83387","targetHints":{"allow":["GET"]}}],"collection":[{"href":"https:\/\/zonaroja.com.mx\/index.php?rest_route=\/wp\/v2\/posts"}],"about":[{"href":"https:\/\/zonaroja.com.mx\/index.php?rest_route=\/wp\/v2\/types\/post"}],"author":[{"embeddable":true,"href":"https:\/\/zonaroja.com.mx\/index.php?rest_route=\/wp\/v2\/users\/2"}],"replies":[{"embeddable":true,"href":"https:\/\/zonaroja.com.mx\/index.php?rest_route=%2Fwp%2Fv2%2Fcomments&post=83387"}],"version-history":[{"count":1,"href":"https:\/\/zonaroja.com.mx\/index.php?rest_route=\/wp\/v2\/posts\/83387\/revisions"}],"predecessor-version":[{"id":83389,"href":"https:\/\/zonaroja.com.mx\/index.php?rest_route=\/wp\/v2\/posts\/83387\/revisions\/83389"}],"wp:featuredmedia":[{"embeddable":true,"href":"https:\/\/zonaroja.com.mx\/index.php?rest_route=\/wp\/v2\/media\/83388"}],"wp:attachment":[{"href":"https:\/\/zonaroja.com.mx\/index.php?rest_route=%2Fwp%2Fv2%2Fmedia&parent=83387"}],"wp:term":[{"taxonomy":"category","embeddable":true,"href":"https:\/\/zonaroja.com.mx\/index.php?rest_route=%2Fwp%2Fv2%2Fcategories&post=83387"},{"taxonomy":"post_tag","embeddable":true,"href":"https:\/\/zonaroja.com.mx\/index.php?rest_route=%2Fwp%2Fv2%2Ftags&post=83387"}],"curies":[{"name":"wp","href":"https:\/\/api.w.org\/{rel}","templated":true}]}}