{"id":83390,"date":"2025-08-11T09:15:00","date_gmt":"2025-08-11T15:15:00","guid":{"rendered":"https:\/\/zonaroja.com.mx\/?p=83390"},"modified":"2025-08-11T07:35:57","modified_gmt":"2025-08-11T13:35:57","slug":"mas-becarias-y-tutoras-se-unen-al-fondo-guadalupe-musalem","status":"publish","type":"post","link":"https:\/\/zonaroja.com.mx\/?p=83390","title":{"rendered":"M\u00e1s becarias y tutoras se unen al Fondo \u201cGuadalupe Musalem\u201d"},"content":{"rendered":"\n<p>Lisbeth Mej\u00eda Reyes\/Zona Roja.<\/p>\n\n\n\n<p>Oaxaca, Oax., a 11 de agosto de 2025.- El Fondo de becas \u201cGuadalupe Musalem\u201d recibi\u00f3 recientemente a sus siete nuevas becarias de bachillerato y a las tutoras que las acompa\u00f1ar\u00e1n en este camino de su formaci\u00f3n acad\u00e9mica.&nbsp;<\/p>\n\n\n\n<p>La asociaci\u00f3n civil, que se cre\u00f3 en honor a la activista y que otorg\u00f3 en 1996 la primera de las becas, ha apoyado la educaci\u00f3n de mujeres de comunidades rurales de Oaxaca, principalmente ind\u00edgenas y en las \u00faltimas semanas ha firmado los convenio con las nuevas becarias que aplicaron a su convocatoria de este a\u00f1o.<\/p>\n\n\n\n<p>En esta ocasi\u00f3n, ser\u00e1n siete las becarias a las que apoyar\u00e1 en el ciclo escolar 2025-2026, seg\u00fan lo informado el pasado 23 de julio por la asociaci\u00f3n civil.<\/p>\n\n\n\n<p>En la firma del convenio de becas participaron Gayne Rodr\u00edguez, Nydia Delhi y Aricia Karenina, integrantes del Consejo Directivo del Fondo, as\u00ed como la doctora Margarita Dalton, fundadora del proyecto, y Luis Ruiz Saucedo, director de Fundaci\u00f3n Comunitaria Oaxaca A.C., quien fungi\u00f3 como testigo de honor<\/p>\n\n\n\n<p>Las nuevas becarias son: Lidia Lizeth, de la Heroica Ciudad de Tlaxiaco; Karla Amayrani, de San Pablo Huixtepec; Margarita, de Teotitl\u00e1n del Valle; Martha Delia, de San Juan Tepeuxila; Betsab\u00e9, de San Lorenzo Texmelucan; Ayme Guadalupe, de Santa Mar\u00eda Tlahuitoltepec, y Ashley, de San Francisco Ixhuat\u00e1n.<\/p>\n\n\n\n<p>En tanto, nuevas tutoras se unieron a esta causa de manera altruista, como lo son la acad\u00e9mica Mat\u00eda Leticia Brice\u00f1o Mass, de la UABJO; la comunicadora Gisela Blas Pi\u00f1\u00f3n; Gloria Estrellita Jim\u00e9nez Gil y Mayt\u00e9 Ibarg\u00fcergoitia Gonz\u00e1lez.<\/p>\n\n\n\n<p>Durante la firma de convenio y bienvenida de las nuevas becarias de bachillerato y tutoras, tambi\u00e9n se realiz\u00f3 la Ceremonia de Logros. En esta las egresadas entregaron un reconocimiento a las mujeres \u00abque con cari\u00f1o, paciencia y compromiso las acompa\u00f1aron como tutoras durante todo su camino en el bachillerato\u00bb.<\/p>\n\n\n\n<p>Fue un instante de abrazos, palabras sinceras y mucho orgullo por lo recorrido juntas, explic\u00f3 la asociaci\u00f3n civil sobre este momento \u00ablleno de emoci\u00f3n y gratitud\u00bb.<\/p>\n\n\n\n<p>Fue el pasado mes de marzo cuando el Fondo \u201cGuadalupe Musalem\u201d lanz\u00f3 la convocatoria para becas, dirigida a mujeres j\u00f3venes de las ocho regiones. En este programa no solo se dan apoyos econ\u00f3micos sino un acompa\u00f1amiento integral para las mujeres j\u00f3venes de comunidades ind\u00edgenas, rurales y del pueblo afromexicano de Oaxaca seleccionadas.<\/p>\n","protected":false},"excerpt":{"rendered":"<p>Lisbeth Mej\u00eda Reyes\/Zona Roja. Oaxaca, Oax., a 11 de agosto de 2025.- El Fondo de&hellip;<\/p>\n","protected":false},"author":2,"featured_media":83391,"comment_status":"closed","ping_status":"open","sticky":false,"template":"","format":"standard","meta":{"_lmt_disableupdate":"","_lmt_disable":"","_jetpack_memberships_contains_paid_content":false,"footnotes":""},"categories":[109,46],"tags":[1000],"class_list":["post-83390","post","type-post","status-publish","format-standard","has-post-thumbnail","hentry","category-minuto-a-minuto","category-zona-blanca","tag-fondo-guadalupe-musalem"],"jetpack_featured_media_url":"https:\/\/zonaroja.com.mx\/wp-content\/uploads\/2025\/08\/Fondo-Guadalupe-Musalem-Leticia-Briceno-Mass.jpg","jetpack_sharing_enabled":true,"_links":{"self":[{"href":"https:\/\/zonaroja.com.mx\/index.php?rest_route=\/wp\/v2\/posts\/83390","targetHints":{"allow":["GET"]}}],"collection":[{"href":"https:\/\/zonaroja.com.mx\/index.php?rest_route=\/wp\/v2\/posts"}],"about":[{"href":"https:\/\/zonaroja.com.mx\/index.php?rest_route=\/wp\/v2\/types\/post"}],"author":[{"embeddable":true,"href":"https:\/\/zonaroja.com.mx\/index.php?rest_route=\/wp\/v2\/users\/2"}],"replies":[{"embeddable":true,"href":"https:\/\/zonaroja.com.mx\/index.php?rest_route=%2Fwp%2Fv2%2Fcomments&post=83390"}],"version-history":[{"count":1,"href":"https:\/\/zonaroja.com.mx\/index.php?rest_route=\/wp\/v2\/posts\/83390\/revisions"}],"predecessor-version":[{"id":83392,"href":"https:\/\/zonaroja.com.mx\/index.php?rest_route=\/wp\/v2\/posts\/83390\/revisions\/83392"}],"wp:featuredmedia":[{"embeddable":true,"href":"https:\/\/zonaroja.com.mx\/index.php?rest_route=\/wp\/v2\/media\/83391"}],"wp:attachment":[{"href":"https:\/\/zonaroja.com.mx\/index.php?rest_route=%2Fwp%2Fv2%2Fmedia&parent=83390"}],"wp:term":[{"taxonomy":"category","embeddable":true,"href":"https:\/\/zonaroja.com.mx\/index.php?rest_route=%2Fwp%2Fv2%2Fcategories&post=83390"},{"taxonomy":"post_tag","embeddable":true,"href":"https:\/\/zonaroja.com.mx\/index.php?rest_route=%2Fwp%2Fv2%2Ftags&post=83390"}],"curies":[{"name":"wp","href":"https:\/\/api.w.org\/{rel}","templated":true}]}}