{"id":83393,"date":"2025-08-11T08:07:57","date_gmt":"2025-08-11T14:07:57","guid":{"rendered":"https:\/\/zonaroja.com.mx\/?p=83393"},"modified":"2025-08-11T08:08:00","modified_gmt":"2025-08-11T14:08:00","slug":"accidentes-viales-dejan-dos-muertos-en-oaxaca","status":"publish","type":"post","link":"https:\/\/zonaroja.com.mx\/?p=83393","title":{"rendered":"Accidentes viales dejan dos muertos en Oaxaca"},"content":{"rendered":"\n<p>Raymundo Morales\/Zona Roja.<\/p>\n\n\n\n<p>Oaxaca, Oax., a 11 de agosto de 2025.- Dos personas fallecidas y al menos seis lesionadas es el saldo preliminar de accidentes viales registrados en Oaxaca durante el fin de semana.<\/p>\n\n\n\n<p>Ayer en una curva del puente \u201cPimentel\u201d de Santo Domingo Tehuantepec, dos motociclistas derraparon y se impactaron contra el muro de contenci\u00f3n, tras lo cual fueron trasladados a un hospital.<\/p>\n\n\n\n<p>Sin embargo, momentos m\u00e1s tarde, uno de ellos identificado como Bruno \u201cN\u201d, perdi\u00f3 la vida a causa de la gravedad de las lesiones.<\/p>\n\n\n\n<p>Otro fuerte percance ocurri\u00f3 tambi\u00e9n ayer en Tehuantepec pero en el entronque de la carretera de acceso a la localidad de San Isidro Pishishi, donde una persona del sexo masculino fue arrollada.<\/p>\n\n\n\n<p>Un coche tipo Aveo, marca Chevrolet, conducido por un individuo en presunto estado de ebriedad, fue detenido en el lugar, como probable responsable del percance; la v\u00edctima a\u00fan no ha sido identificada.<\/p>\n\n\n\n<p>Por otra parte, a la altura del kil\u00f3metro 10 de la carretera local de D\u00edaz Ordaz a San Antonio Cuajimoloyas la noche del s\u00e1bado se suscit\u00f3 la volcadura de una unidad de motor, que dej\u00f3 como saldo preliminar cinco personas lesionadas.<\/p>\n\n\n\n<p>Las personas fueron trasladadas a un hospital de Tlacolula de Matamoros, de donde son originarios la mayor\u00eda y sus lesiones no ponen en riesgo su vida.<\/p>\n","protected":false},"excerpt":{"rendered":"<p>Raymundo Morales\/Zona Roja. Oaxaca, Oax., a 11 de agosto de 2025.- Dos personas fallecidas y&hellip;<\/p>\n","protected":false},"author":2,"featured_media":83394,"comment_status":"closed","ping_status":"open","sticky":false,"template":"","format":"standard","meta":{"_lmt_disableupdate":"","_lmt_disable":"","_jetpack_memberships_contains_paid_content":false,"footnotes":""},"categories":[109,47],"tags":[3416],"class_list":["post-83393","post","type-post","status-publish","format-standard","has-post-thumbnail","hentry","category-minuto-a-minuto","category-zona-gris","tag-accidentes-carreteros-oaxaca"],"jetpack_featured_media_url":"https:\/\/zonaroja.com.mx\/wp-content\/uploads\/2025\/08\/Accidente-Tehuantepec.jpg","jetpack_sharing_enabled":true,"_links":{"self":[{"href":"https:\/\/zonaroja.com.mx\/index.php?rest_route=\/wp\/v2\/posts\/83393","targetHints":{"allow":["GET"]}}],"collection":[{"href":"https:\/\/zonaroja.com.mx\/index.php?rest_route=\/wp\/v2\/posts"}],"about":[{"href":"https:\/\/zonaroja.com.mx\/index.php?rest_route=\/wp\/v2\/types\/post"}],"author":[{"embeddable":true,"href":"https:\/\/zonaroja.com.mx\/index.php?rest_route=\/wp\/v2\/users\/2"}],"replies":[{"embeddable":true,"href":"https:\/\/zonaroja.com.mx\/index.php?rest_route=%2Fwp%2Fv2%2Fcomments&post=83393"}],"version-history":[{"count":1,"href":"https:\/\/zonaroja.com.mx\/index.php?rest_route=\/wp\/v2\/posts\/83393\/revisions"}],"predecessor-version":[{"id":83395,"href":"https:\/\/zonaroja.com.mx\/index.php?rest_route=\/wp\/v2\/posts\/83393\/revisions\/83395"}],"wp:featuredmedia":[{"embeddable":true,"href":"https:\/\/zonaroja.com.mx\/index.php?rest_route=\/wp\/v2\/media\/83394"}],"wp:attachment":[{"href":"https:\/\/zonaroja.com.mx\/index.php?rest_route=%2Fwp%2Fv2%2Fmedia&parent=83393"}],"wp:term":[{"taxonomy":"category","embeddable":true,"href":"https:\/\/zonaroja.com.mx\/index.php?rest_route=%2Fwp%2Fv2%2Fcategories&post=83393"},{"taxonomy":"post_tag","embeddable":true,"href":"https:\/\/zonaroja.com.mx\/index.php?rest_route=%2Fwp%2Fv2%2Ftags&post=83393"}],"curies":[{"name":"wp","href":"https:\/\/api.w.org\/{rel}","templated":true}]}}