{"id":83398,"date":"2025-08-11T11:30:00","date_gmt":"2025-08-11T17:30:00","guid":{"rendered":"https:\/\/zonaroja.com.mx\/?p=83398"},"modified":"2025-08-11T08:14:55","modified_gmt":"2025-08-11T14:14:55","slug":"revela-encuesta-fuerte-malestar-por-viajes-lujosos-de-la-4t-a-asia-y-europa","status":"publish","type":"post","link":"https:\/\/zonaroja.com.mx\/?p=83398","title":{"rendered":"Revela encuesta fuerte malestar por viajes lujosos de la 4T a Asia y Europa"},"content":{"rendered":"\n<p>Redacci\u00f3n\/Zona Roja Cdmx.<\/p>\n\n\n\n<p>Ciudad de M\u00e9xico, a 11 de agosto de 2025.- Una cr\u00edtica crece en contra de varios personajes clave de Morena, quienes protagonizaron un verano lleno de viajes, gastos y pol\u00e9micas que contrastan con el discurso de austeridad republicana promovida por la dirigencia del partido y por la propia presidenta Claudia Sheinbaum.<\/p>\n\n\n\n<p>Una reciente encuesta de la que esta redacci\u00f3n tiene una copia, titulada \u00abLos viajes de Morena\u00bb y elaborada por la casa demosc\u00f3pica Polister, alerta de la conversaci\u00f3n negativa que generaron tales esc\u00e1ndalos protagonizados por un hijo del expresidente L\u00f3pez Obrador, el diputado Ricardo Monreal y secretario Mario Delgado que fue fotografiado en Portugal.<\/p>\n\n\n\n<p>Del universo de encuestados el 77% conoci\u00f3 el tema de las vacaciones de Andy L\u00f3pez Beltr\u00e1n a Jap\u00f3n, y a Espa\u00f1a del zacatecano Monreal \u00c1vila, y a m\u00e1s del 50% de quienes opinaron ven mal, incorrecto, que los morenistas \u00abviajen a destinos de lujo\u00bb.<\/p>\n\n\n\n<p>En una cifra similar a quienes conoc\u00edan la pol\u00e9mica, 76.76% aseguraron que estos hechos contradicen el discurso de austeridad que propuso Andr\u00e9s Manuel L\u00f3pez Obrador, y arriba del 70% tambi\u00e9n revel\u00f3 que esto afecta de forma negativa su opini\u00f3n sobre Morena.<\/p>\n\n\n\n<p>La propia explicaci\u00f3n p\u00fablica de&nbsp;Andy, luego de trascender varias fotograf\u00edas de sus vacaciones, encendi\u00f3 las redes sociales. El hijo de AMLO asegur\u00f3 que fue \u00abespiado y acosado\u00bb, mientras desde\u00f1a la cantidad de $7,500 pesos por noche en su hotel de Tokio. Lo anterior despu\u00e9s de \u00abintensas jornadas de trabajo\u201d.<\/p>\n\n\n\n<p>La respuesta de Ricardo Monreal tambi\u00e9n fue desafortunada. \u00abPrefiero quedar mal con la oposici\u00f3n que con mi esposa\u00bb, respondi\u00f3 a la prensa el diputado federal de Morena cuando se le cuestion\u00f3 la ostentaci\u00f3n y el derroche del viaje de aniversario con su esposa a Madrid, motivo por el que adem\u00e1s no asisti\u00f3 al m\u00e1s reciente Consejo Nacional de Morena.&nbsp;<\/p>\n\n\n\n<p>A esos fuertes se\u00f1alamientos por derroche y falta de transparencia se sum\u00f3 esta semana el caso de otro hijo de Andr\u00e9s Manuel L\u00f3pez Obrador.&nbsp;Jos\u00e9 Ram\u00f3n L\u00f3pez Beltr\u00e1n fue visto vacacionando en el Vidanta Riviera Maya, un resort de cinco estrellas perteneciente a Daniel Ch\u00e1vez, empresario y compadre del expresidente, considerado beneficiado con concesiones federales durante el sexenio pasado.<\/p>\n\n\n\n<p>El due\u00f1o de Grupo Vidanta es amigo del expresidente L\u00f3pez Obrador y fue quien puso el pecho cuando se descubri\u00f3 el caso de la Casa Gris en Texas, propiedad en Houston, Texas, que presuntamente la esposa de Jos\u00e9 Ram\u00f3n, Carolyn Adams, rent\u00f3 a Baker Hugues, una empresa contratista de Petr\u00f3leos Mexicanos (Pemex).<\/p>\n\n\n\n<p>Ante la difusi\u00f3n de las fotograf\u00edas, Jos\u00e9 Ram\u00f3n aclar\u00f3 en sus redes que, como cualquier ciudadano, goza del derecho al descanso y la vida privada, pese a pertenecer a la familia del expresidente.&nbsp;\u00abNo soy funcionario p\u00fablico. No tengo ning\u00fan cargo ni manejo recursos del gobierno\u00bb, escribi\u00f3. \u00abQuien trabaja y vive con honestidad tambi\u00e9n merece descanso, privacidad y alegr\u00eda sin ser juzgado\u201d.<\/p>\n\n\n\n<p>(Informaci\u00f3n de \u201cLa pol\u00edtica on line\u201d)<\/p>\n","protected":false},"excerpt":{"rendered":"<p>Redacci\u00f3n\/Zona Roja Cdmx. Ciudad de M\u00e9xico, a 11 de agosto de 2025.- Una cr\u00edtica crece&hellip;<\/p>\n","protected":false},"author":2,"featured_media":83399,"comment_status":"closed","ping_status":"open","sticky":false,"template":"","format":"standard","meta":{"_lmt_disableupdate":"","_lmt_disable":"","_jetpack_memberships_contains_paid_content":false,"footnotes":""},"categories":[109,47],"tags":[],"class_list":["post-83398","post","type-post","status-publish","format-standard","has-post-thumbnail","hentry","category-minuto-a-minuto","category-zona-gris"],"jetpack_featured_media_url":"https:\/\/zonaroja.com.mx\/wp-content\/uploads\/2025\/08\/Morenistas-viajes-de-lujo-Europa.webp","jetpack_sharing_enabled":true,"_links":{"self":[{"href":"https:\/\/zonaroja.com.mx\/index.php?rest_route=\/wp\/v2\/posts\/83398","targetHints":{"allow":["GET"]}}],"collection":[{"href":"https:\/\/zonaroja.com.mx\/index.php?rest_route=\/wp\/v2\/posts"}],"about":[{"href":"https:\/\/zonaroja.com.mx\/index.php?rest_route=\/wp\/v2\/types\/post"}],"author":[{"embeddable":true,"href":"https:\/\/zonaroja.com.mx\/index.php?rest_route=\/wp\/v2\/users\/2"}],"replies":[{"embeddable":true,"href":"https:\/\/zonaroja.com.mx\/index.php?rest_route=%2Fwp%2Fv2%2Fcomments&post=83398"}],"version-history":[{"count":1,"href":"https:\/\/zonaroja.com.mx\/index.php?rest_route=\/wp\/v2\/posts\/83398\/revisions"}],"predecessor-version":[{"id":83400,"href":"https:\/\/zonaroja.com.mx\/index.php?rest_route=\/wp\/v2\/posts\/83398\/revisions\/83400"}],"wp:featuredmedia":[{"embeddable":true,"href":"https:\/\/zonaroja.com.mx\/index.php?rest_route=\/wp\/v2\/media\/83399"}],"wp:attachment":[{"href":"https:\/\/zonaroja.com.mx\/index.php?rest_route=%2Fwp%2Fv2%2Fmedia&parent=83398"}],"wp:term":[{"taxonomy":"category","embeddable":true,"href":"https:\/\/zonaroja.com.mx\/index.php?rest_route=%2Fwp%2Fv2%2Fcategories&post=83398"},{"taxonomy":"post_tag","embeddable":true,"href":"https:\/\/zonaroja.com.mx\/index.php?rest_route=%2Fwp%2Fv2%2Ftags&post=83398"}],"curies":[{"name":"wp","href":"https:\/\/api.w.org\/{rel}","templated":true}]}}