{"id":83405,"date":"2025-08-11T16:19:30","date_gmt":"2025-08-11T22:19:30","guid":{"rendered":"https:\/\/zonaroja.com.mx\/?p=83405"},"modified":"2025-08-11T16:19:30","modified_gmt":"2025-08-11T22:19:30","slug":"seccion-22-iniciara-ciclo-escolar-en-oaxaca-una-semana-antes-que-la-sep","status":"publish","type":"post","link":"https:\/\/zonaroja.com.mx\/?p=83405","title":{"rendered":"Secci\u00f3n 22 iniciar\u00e1 ciclo escolar en Oaxaca una semana antes que la SEP&nbsp;"},"content":{"rendered":"\n<p>Lisbeth Mej\u00eda Reyes\/Zona Roja.&nbsp;<\/p>\n\n\n\n<p>Oaxaca, Oax., a 11 de agosto de 2025.- La Secci\u00f3n 22 del magisterio oaxaque\u00f1o iniciar\u00e1 el ciclo escolar 2025-2026 el 25 de agosto pr\u00f3ximo, una semana antes que la fecha marcada en el calendario oficial de la Secretar\u00eda de Educaci\u00f3n P\u00fablica (SEP).&nbsp;<\/p>\n\n\n\n<p>Este lunes, la mesa directiva de la gremial se\u00f1al\u00f3 que ser\u00e1 el 25 de agosto pr\u00f3ximo cuando comiencen las clases y que ser\u00e1n &nbsp;200 d\u00edas efectivos de labores al frente de las aulas, hasta el 7 de julio de 2026, cuando finalice su calendario escolar alternativo.<\/p>\n\n\n\n<p>Tendr\u00e1 dos periodos vacacionales: uno del 19 de diciembre de 2025 al 6 de enero de 2026 y el otro del 30 de marzo al 10 de abril de 2026.<\/p>\n\n\n\n<p>\u00abNo es una adecuaci\u00f3n del calendario oficial sino constituye una acci\u00f3n profundamente vinculada con la actividad pedag\u00f3gica, social y cultural y su dise\u00f1o y elaboraci\u00f3n est\u00e1 a cargo del Centro de Estudios y Desarrollo Educativo de la Secci\u00f3n 22, CEDES 22\u00bb, explic\u00f3 Yaneth Reyes M\u00e1rquez, integrante del mismo.<\/p>\n\n\n\n<p>En conferencia de prensa realizada este lunes en la capital oaxaque\u00f1a, la secretaria general de la Secci\u00f3n 22 del Sindicato de Trabajadores de la Educaci\u00f3n (SNTE) expuso que \u00abla semana de vacaciones que ha impulsado la Secretar\u00eda de Educaci\u00f3n P\u00fablica no es algo que se est\u00e9 considerando desde este movimiento democr\u00e1tico\u00bb.<\/p>\n\n\n\n<p>De ah\u00ed el iniciar las clases el 25 de agosto, seg\u00fan palabras de Yenny Araceli P\u00e9rez Mart\u00ednez, secretaria general del la Secci\u00f3n 22. \u00abSalimos en una jornada de lucha por una jubilaci\u00f3n digna para todas y todos los trabajadores del estado, no solo para el magisterio, y el estado en respuesta dio una semana m\u00e1s\u00bb, se\u00f1al\u00f3 la docente sobre el rechazo a esa semana por la que oficialmente la SEP defini\u00f3 el inicio de clases el 1 de septiembre.<\/p>\n\n\n\n<p>Debido al plant\u00f3n en la Ciudad de M\u00e9xico, realizado entre mayo y junio con la participaci\u00f3n masiva de la Secci\u00f3n 22 y representativa de otras secciones adheridas a la Coordinadora Nacional de Trabajadores de la Educaci\u00f3n (CNTE), en el estado de Oaxaca, las y los estudiantes de educaci\u00f3n b\u00e1sica perdieron 16 d\u00edas de clases.&nbsp;<\/p>\n\n\n\n<p>Esto a ra\u00edz de las tres semanas que dur\u00f3 la protesta. Adem\u00e1s de que a diferencia del calendario oficial, tambi\u00e9n se comenz\u00f3 a cerrar el pasado ciclo escolar d\u00edas antes de los marcado por la Federaci\u00f3n.<\/p>\n\n\n\n<p>Yaneth Reyes M\u00e1rquez, integrante del CEDES 22, detall\u00f3 que el ciclo escolar 2025-2026 comienza el 25 de agosto de 2025 y finaliza el 7 de julio de 2026 (tambi\u00e9n una semana antes que lo marcado por la SEP, en cuyo calendario oficial el fin del ciclo escolar el 14 de julio de 2026).<\/p>\n\n\n\n<p>\u00abIniciamos el ciclo escolar antes del calendario oficial no por sumisi\u00f3n sino por convicci\u00f3n pol\u00edtica y \u00e9tica. No luchamos por m\u00e1s d\u00edas de descanso ni d\u00edas inh\u00e1biles. Nuestra lucha hist\u00f3rica ha sido por mejores condiciones laborales, por una jubilaci\u00f3n digna, por salarios justos, por la abrogaci\u00f3n total de la Ley del ISSSTE del 2007 y por la defensa de la educaci\u00f3n p\u00fablica como derecho colectivo, no como privilegio ni mercanc\u00eda\u00bb, apunt\u00f3.<\/p>\n\n\n\n<p>Tambi\u00e9n defendi\u00f3 este calendario escolar alternativo como uno que se ajusta a la realidad pedag\u00f3gica, social, cultural y pol\u00edtica de los pueblos originarios de Oaxaca.<\/p>\n","protected":false},"excerpt":{"rendered":"<p>Lisbeth Mej\u00eda Reyes\/Zona Roja.&nbsp; Oaxaca, Oax., a 11 de agosto de 2025.- La Secci\u00f3n 22&hellip;<\/p>\n","protected":false},"author":2,"featured_media":83404,"comment_status":"closed","ping_status":"open","sticky":false,"template":"","format":"standard","meta":{"_lmt_disableupdate":"","_lmt_disable":"","_jetpack_memberships_contains_paid_content":false,"footnotes":""},"categories":[109,47],"tags":[],"class_list":["post-83405","post","type-post","status-publish","format-standard","has-post-thumbnail","hentry","category-minuto-a-minuto","category-zona-gris"],"jetpack_featured_media_url":"https:\/\/zonaroja.com.mx\/wp-content\/uploads\/2025\/08\/5a975498-89a4-4fea-a701-b80a88941957.jpg","jetpack_sharing_enabled":true,"_links":{"self":[{"href":"https:\/\/zonaroja.com.mx\/index.php?rest_route=\/wp\/v2\/posts\/83405","targetHints":{"allow":["GET"]}}],"collection":[{"href":"https:\/\/zonaroja.com.mx\/index.php?rest_route=\/wp\/v2\/posts"}],"about":[{"href":"https:\/\/zonaroja.com.mx\/index.php?rest_route=\/wp\/v2\/types\/post"}],"author":[{"embeddable":true,"href":"https:\/\/zonaroja.com.mx\/index.php?rest_route=\/wp\/v2\/users\/2"}],"replies":[{"embeddable":true,"href":"https:\/\/zonaroja.com.mx\/index.php?rest_route=%2Fwp%2Fv2%2Fcomments&post=83405"}],"version-history":[{"count":1,"href":"https:\/\/zonaroja.com.mx\/index.php?rest_route=\/wp\/v2\/posts\/83405\/revisions"}],"predecessor-version":[{"id":83406,"href":"https:\/\/zonaroja.com.mx\/index.php?rest_route=\/wp\/v2\/posts\/83405\/revisions\/83406"}],"wp:featuredmedia":[{"embeddable":true,"href":"https:\/\/zonaroja.com.mx\/index.php?rest_route=\/wp\/v2\/media\/83404"}],"wp:attachment":[{"href":"https:\/\/zonaroja.com.mx\/index.php?rest_route=%2Fwp%2Fv2%2Fmedia&parent=83405"}],"wp:term":[{"taxonomy":"category","embeddable":true,"href":"https:\/\/zonaroja.com.mx\/index.php?rest_route=%2Fwp%2Fv2%2Fcategories&post=83405"},{"taxonomy":"post_tag","embeddable":true,"href":"https:\/\/zonaroja.com.mx\/index.php?rest_route=%2Fwp%2Fv2%2Ftags&post=83405"}],"curies":[{"name":"wp","href":"https:\/\/api.w.org\/{rel}","templated":true}]}}