{"id":83410,"date":"2025-08-11T18:55:21","date_gmt":"2025-08-12T00:55:21","guid":{"rendered":"https:\/\/zonaroja.com.mx\/?p=83410"},"modified":"2025-08-11T18:55:23","modified_gmt":"2025-08-12T00:55:23","slug":"dejan-en-desproteccion-a-hijos-de-abigail-hay-padre-denuncia-revocacion-de-plaza","status":"publish","type":"post","link":"https:\/\/zonaroja.com.mx\/?p=83410","title":{"rendered":"Dejan en desprotecci\u00f3n a hijos de Abigail Hay; padre denuncia revocaci\u00f3n de plaza"},"content":{"rendered":"\n<p>Lisbeth Mej\u00eda Reyes\/Zona Roja.<\/p>\n\n\n\n<p>Oaxaca, Oax., a 11 de agosto de 2025.- Los hijos de Abigail Hay Urrutia, v\u00edctima de probable feminicidio en Salina Cruz en 2022, se quedaron desprotegidos debido a que Petr\u00f3leos Mexicanos (Pemex) le retir\u00f3 la plaza laboral que el ex presidente Andr\u00e9s Manuel L\u00f3pez Obrador otorgardo a Araceli Hay Urrutia, hermana de la v\u00edctima.<\/p>\n\n\n\n<p>Este lunes, el padre de Abigail, Jos\u00e9 Luis Hay Hay, denunci\u00f3 que la destituci\u00f3n fue de manera arbitraria y bajon el argumento de una reestructuraci\u00f3n en la planta petroqu\u00edmica de San Mart\u00edn Texmelucan, por lo que exigi\u00f3 la intervenci\u00f3n de la presidenta Claudia Sheinbaum para que se restituya.<\/p>\n\n\n\n<p>\u00abEsta medida ha significado un nuevo golpe para nuestra familia, que ya enfrenta una situaci\u00f3n emocional y econ\u00f3mica sumamente dif\u00edcil\u00bb, extern\u00f3 el padre de Abigail y ex empleado de Pemex.<\/p>\n\n\n\n<p>El padre solicit\u00f3 la intervenci\u00f3n de la presidenta Claudia Sheinbaum para revisar y revocar este despido \u00abque afecta directamente la estabilidad de dos menores en situaciones vulnerables y que contradice el apoyo que su antecesor, en un acto de justicia y humanidad, otorg\u00f3 a nuestra familia\u00bb.<\/p>\n\n\n\n<p>Este lunes, en conferencia de prensa en la ciudad de Oaxaca, el ex empleado petrolero record\u00f3 que el 1 de octubre de 2022 tuvo la oportunidad de conversar directamente con el entonces presidente de la Rep\u00fablica, Andr\u00e9s Manuel L\u00f3pez Obrador, durante su visita a Salina Cruz, y plantearle la situaci\u00f3n, por lo que este, en muestra de solidaridad, orden\u00f3 que se le otorgara una plaza laboral permanente en favor de la familia.<\/p>\n\n\n\n<p>La plaza de confianza le fue asignada a Araceli Hay Urrutia el 1 de marzo de 2023 en la Petroqu\u00edmica de San Mart\u00edn Texmelucan, Puebla.<\/p>\n\n\n\n<p>\u00abSin embargo, el 6 de junio de 2025 mi hija fue despedida injustificadamente argumentando una reestructuraci\u00f3n de plazas de confianza por instrucci\u00f3n presidencial\u00bb, explic\u00f3 el padre.<\/p>\n\n\n\n<p>Abigail falleci\u00f3 en una celda de la comisar\u00eda de Salina Cruz el 19 de agosto de 2022, luego de ser detenida por la polic\u00eda y golpeada durante su detenci\u00f3n. Horas m\u00e1s tarde, y en circunstancias a\u00fan extra\u00f1as, la polic\u00eda dijo que supuestamente se hab\u00eda suicidado con su ropa interior.&nbsp;<\/p>\n\n\n\n<p>Sin embargo, la familia acusa que se trat\u00f3 feminicidio. En septiembre de 2022, a m\u00e1s de un mes del hecho, fue difundido un video en que se observa que polic\u00edas de Salina Cruz someten y golpean a Abigail.<\/p>\n\n\n\n<figure class=\"wp-block-embed is-type-rich is-provider-twitter wp-block-embed-twitter\"><div class=\"wp-block-embed__wrapper\">\n<div class=\"twitter-tweet\"><blockquote class=\"twitter-tweet\" data-lang=\"es\"><p lang=\"es\" dir=\"ltr\">Desde el z\u00f3calo de la ciudad de Oaxaca, el trabajador jubilado Jos\u00e9 Luis Hay -cuya hija muri\u00f3 hace tres a\u00f1os en circunstancias extra\u00f1as en los separos del ayuntamiento de Salina Cruz- denunci\u00f3 a <a href=\"https:\/\/twitter.com\/Pemex?ref_src=twsrc%5Etfw\">@Pemex<\/a> por quitarle una plaza laboral a una de sus hijas, y que le hab\u00eda dado el ex\u2026 <a href=\"https:\/\/t.co\/bOO7vZUPFa\">pic.twitter.com\/bOO7vZUPFa<\/a><\/p>&mdash; Zona Roja Oaxaca (@ZonaRoja_Oaxaca) <a href=\"https:\/\/twitter.com\/ZonaRoja_Oaxaca\/status\/1954964409521954986?ref_src=twsrc%5Etfw\">11 de agosto de 2025<\/a><\/blockquote><\/div>\n<\/div><\/figure>\n","protected":false},"excerpt":{"rendered":"<p>Lisbeth Mej\u00eda Reyes\/Zona Roja. Oaxaca, Oax., a 11 de agosto de 2025.- Los hijos de&hellip;<\/p>\n","protected":false},"author":2,"featured_media":83411,"comment_status":"closed","ping_status":"open","sticky":false,"template":"","format":"standard","meta":{"_lmt_disableupdate":"","_lmt_disable":"","_jetpack_memberships_contains_paid_content":false,"footnotes":""},"categories":[109,47],"tags":[3234],"class_list":["post-83410","post","type-post","status-publish","format-standard","has-post-thumbnail","hentry","category-minuto-a-minuto","category-zona-gris","tag-abigail-hay-urrutia"],"jetpack_featured_media_url":"https:\/\/zonaroja.com.mx\/wp-content\/uploads\/2025\/08\/Familia-Hay-Urrutua.jpg","jetpack_sharing_enabled":true,"_links":{"self":[{"href":"https:\/\/zonaroja.com.mx\/index.php?rest_route=\/wp\/v2\/posts\/83410","targetHints":{"allow":["GET"]}}],"collection":[{"href":"https:\/\/zonaroja.com.mx\/index.php?rest_route=\/wp\/v2\/posts"}],"about":[{"href":"https:\/\/zonaroja.com.mx\/index.php?rest_route=\/wp\/v2\/types\/post"}],"author":[{"embeddable":true,"href":"https:\/\/zonaroja.com.mx\/index.php?rest_route=\/wp\/v2\/users\/2"}],"replies":[{"embeddable":true,"href":"https:\/\/zonaroja.com.mx\/index.php?rest_route=%2Fwp%2Fv2%2Fcomments&post=83410"}],"version-history":[{"count":1,"href":"https:\/\/zonaroja.com.mx\/index.php?rest_route=\/wp\/v2\/posts\/83410\/revisions"}],"predecessor-version":[{"id":83412,"href":"https:\/\/zonaroja.com.mx\/index.php?rest_route=\/wp\/v2\/posts\/83410\/revisions\/83412"}],"wp:featuredmedia":[{"embeddable":true,"href":"https:\/\/zonaroja.com.mx\/index.php?rest_route=\/wp\/v2\/media\/83411"}],"wp:attachment":[{"href":"https:\/\/zonaroja.com.mx\/index.php?rest_route=%2Fwp%2Fv2%2Fmedia&parent=83410"}],"wp:term":[{"taxonomy":"category","embeddable":true,"href":"https:\/\/zonaroja.com.mx\/index.php?rest_route=%2Fwp%2Fv2%2Fcategories&post=83410"},{"taxonomy":"post_tag","embeddable":true,"href":"https:\/\/zonaroja.com.mx\/index.php?rest_route=%2Fwp%2Fv2%2Ftags&post=83410"}],"curies":[{"name":"wp","href":"https:\/\/api.w.org\/{rel}","templated":true}]}}