{"id":83416,"date":"2025-08-11T21:06:03","date_gmt":"2025-08-12T03:06:03","guid":{"rendered":"https:\/\/zonaroja.com.mx\/?p=83416"},"modified":"2025-08-11T21:06:05","modified_gmt":"2025-08-12T03:06:05","slug":"terrible-asesinan-en-edomex-a-una-nina-por-una-deuda-de-padres","status":"publish","type":"post","link":"https:\/\/zonaroja.com.mx\/?p=83416","title":{"rendered":"\u00a1Terrible! Asesinan en Edomex a una ni\u00f1a, por una deuda de padres"},"content":{"rendered":"\n<p>Redacci\u00f3n\/Zona Roja Cdmx.<\/p>\n\n\n\n<p>Ciudad de M\u00e9xico, a 11 de agosto de 2025.- Una menor, de solo 12 a\u00f1os, fue asesinada este lunes cuando se encontraba junto a su madre en una vivienda del municipio de Chalco, en la zona oriente del Estado de M\u00e9xico.&nbsp;<\/p>\n\n\n\n<p>La v\u00edctima fue identificada como Dulce &#8216;N&#8217;, quien viv\u00eda en compa\u00f1\u00eda de su madre, su hermano y su abuela, y que aparentemente fue herida de muerte por una deuda econ\u00f3micamente de la familia.<\/p>\n\n\n\n<p>Los hechos ocurrieron alrededor de las 05:00 horas, en una vivienda de l\u00e1mina y cart\u00f3n ubicada sobre la calle Reforma, esquina Cerrada de Benito Ju\u00e1rez, en el poblado de San Pablo Atlazalpan.<\/p>\n\n\n\n<p>De acuerdo con informes preliminares, la madre, identificada como Bianca de 28 a\u00f1os de edad, solicit\u00f3 apoyo a la Polic\u00eda, luego de que varios sujetos abordo de motocicletas ingresaron a su domicilio de forma violenta.<\/p>\n\n\n\n<p>Presuntamente, sin mediar palabra comenzaron con detonaciones de arma de fuego en contra de los inquilinos.<\/p>\n\n\n\n<p>Las balas impactaron a la menor en la altura del pecho y las piernas, y aunque se solicit\u00f3 la presencia de unidades m\u00e9dicas, al llegar confirmaron que ya no contaba con signos vitales.&nbsp;<\/p>\n\n\n\n<p>En tanto la madre del menor logr\u00f3 ponerse a salvo al correr a un campo de siembra, que le permiti\u00f3 salvar la vida.&nbsp;<\/p>\n\n\n\n<p>De inmediato, la madre pidi\u00f3 apoyo a los elementos de seguridad, quienes les desplegaron un fuerte operativo en la zona.<\/p>\n\n\n\n<p>Al sitio lleg\u00f3 personal de la Fiscal\u00eda mexiquense para realizar el levantamiento del cuerpo y acordonar el per\u00edmetro para el inicio de las investigaciones. Hasta el momento no se reportan personas detenidas.<\/p>\n\n\n\n<p>(Informaci\u00f3n de \u201cMilenio\u201d)<\/p>\n","protected":false},"excerpt":{"rendered":"<p>Redacci\u00f3n\/Zona Roja Cdmx. Ciudad de M\u00e9xico, a 11 de agosto de 2025.- Una menor, de&hellip;<\/p>\n","protected":false},"author":2,"featured_media":83417,"comment_status":"closed","ping_status":"open","sticky":false,"template":"","format":"standard","meta":{"_lmt_disableupdate":"","_lmt_disable":"","_jetpack_memberships_contains_paid_content":false,"footnotes":""},"categories":[109,51],"tags":[941],"class_list":["post-83416","post","type-post","status-publish","format-standard","has-post-thumbnail","hentry","category-minuto-a-minuto","category-zona-roja","tag-valle-de-chalco"],"jetpack_featured_media_url":"https:\/\/zonaroja.com.mx\/wp-content\/uploads\/2025\/08\/Nina-asesinada-en-Chalco-Edomex.webp","jetpack_sharing_enabled":true,"_links":{"self":[{"href":"https:\/\/zonaroja.com.mx\/index.php?rest_route=\/wp\/v2\/posts\/83416","targetHints":{"allow":["GET"]}}],"collection":[{"href":"https:\/\/zonaroja.com.mx\/index.php?rest_route=\/wp\/v2\/posts"}],"about":[{"href":"https:\/\/zonaroja.com.mx\/index.php?rest_route=\/wp\/v2\/types\/post"}],"author":[{"embeddable":true,"href":"https:\/\/zonaroja.com.mx\/index.php?rest_route=\/wp\/v2\/users\/2"}],"replies":[{"embeddable":true,"href":"https:\/\/zonaroja.com.mx\/index.php?rest_route=%2Fwp%2Fv2%2Fcomments&post=83416"}],"version-history":[{"count":1,"href":"https:\/\/zonaroja.com.mx\/index.php?rest_route=\/wp\/v2\/posts\/83416\/revisions"}],"predecessor-version":[{"id":83418,"href":"https:\/\/zonaroja.com.mx\/index.php?rest_route=\/wp\/v2\/posts\/83416\/revisions\/83418"}],"wp:featuredmedia":[{"embeddable":true,"href":"https:\/\/zonaroja.com.mx\/index.php?rest_route=\/wp\/v2\/media\/83417"}],"wp:attachment":[{"href":"https:\/\/zonaroja.com.mx\/index.php?rest_route=%2Fwp%2Fv2%2Fmedia&parent=83416"}],"wp:term":[{"taxonomy":"category","embeddable":true,"href":"https:\/\/zonaroja.com.mx\/index.php?rest_route=%2Fwp%2Fv2%2Fcategories&post=83416"},{"taxonomy":"post_tag","embeddable":true,"href":"https:\/\/zonaroja.com.mx\/index.php?rest_route=%2Fwp%2Fv2%2Ftags&post=83416"}],"curies":[{"name":"wp","href":"https:\/\/api.w.org\/{rel}","templated":true}]}}