{"id":83419,"date":"2025-08-11T22:17:20","date_gmt":"2025-08-12T04:17:20","guid":{"rendered":"https:\/\/zonaroja.com.mx\/?p=83419"},"modified":"2025-08-11T22:17:23","modified_gmt":"2025-08-12T04:17:23","slug":"vive-oaxaca-lunes-de-crisis-con-multiples-bloqueos-y-protestas","status":"publish","type":"post","link":"https:\/\/zonaroja.com.mx\/?p=83419","title":{"rendered":"Vive Oaxaca lunes de crisis con m\u00faltiples bloqueos y protestas"},"content":{"rendered":"\n<p>Raymundo Morales\/Zona Roja.<\/p>\n\n\n\n<p>Oaxaca, Oax., a 11 de agosto de 2025.- Al menos una decena de protestas sociales y educativas se registraron este lunes en Oaxaca, en las regiones Istmo de Tehuantepec, Valles Centrales y Mixteca.<\/p>\n\n\n\n<p>La mayor movilizaci\u00f3n fue de agremiados a la Coordinadora Estudiantil Normalista del Estado de Oaxaca (CENEO) \u2014que desde la semana pasada iniciaron su jornada de protesta\u2014, que desde temprana hora \u201ctom\u00f3\u201d al menos seis autobuses del transporte de pasajeros.<\/p>\n\n\n\n<p>Con ellos bloquearon por unos minutos el crucero vial de Cinco Se\u00f1ores de la capital y posteriormente el crucero del estadio de b\u00e9isbol, avenida H\u00e9roes de Chapultepec con bulevar Manuel Ruiz.<\/p>\n\n\n\n<p>Ah\u00ed permanecieron al menos 10 horas, en demanda de atenci\u00f3n por parte de las autoridades del Instituto Estatal de Educaci\u00f3n P\u00fablica de Oaxaca (IEEPO), para atender diversas demandas, entre ellas de ingreso; se retiraron despu\u00e9s de las 18:00 horas.<\/p>\n\n\n\n<p>Tambi\u00e9n en materia educativa, afiliados al movimiento Frente Juvenil Revolucionario, protestaron en Ciudad Universitaria de la Universidad Aut\u00f3noma \u201cBenito Ju\u00e1rez\u201d de Oaxaca (UABJO), en demanda de espacios de nuevo ingreso para para escuelas y facultades, para j\u00f3venes de escasos recursos econ\u00f3micos.<\/p>\n\n\n\n<p>Ante la falta de atenci\u00f3n del rector Cristian \u00c9der Carre\u00f1o, marcharon hacia el z\u00f3calo y luego permanecieron por varias horas en el exterior del Palacio de Gobierno.<\/p>\n\n\n\n<p>En el z\u00f3calo tambi\u00e9n estuvieron el se\u00f1or Jos\u00e9 Luis Hay y familiares de su hija Abigail, quien falleci\u00f3 hace tres a\u00f1os en una celda del ayuntamiento de Salina Cruz en circunstancias extra\u00f1as.<\/p>\n\n\n\n<p>Demand\u00f3 a la Presidenta Claudia Sheinbaum le regrese su trabajo a una de sus hijas, que el ex presidente Andr\u00e9s Manuel L\u00f3pez Obrador le hab\u00eda otorgado en apoyo a los hijos de Abigail pero que le fue quitado en junio pasado por parte de Petr\u00f3leos Mexicanos.<\/p>\n\n\n\n<p>Por su parte, la dirigencia del Sindicato \u00danico de Trabajadores del Telebachillerato Comunitario del Estado de Oaxaca protest\u00f3 en sus oficinas en el fraccionamiento La Noria de la capital para exigir la renuncia del director de esta instituci\u00f3n, Filem\u00f3n Bernardo Hern\u00e1ndez, a quien acusan de ejercer violencia de g\u00e9nero y otras irregularidades.<\/p>\n\n\n\n<p>En la regi\u00f3n del Istmo, un grupo de personas bloque\u00f3 por unas horas la carretera federal 190, en el acceso a Santo Domingo Tehuantepec, a la altura del puente de fierro, para exigir servicios b\u00e1sicos al ayuntamiento local.<\/p>\n\n\n\n<p>En la regi\u00f3n Mixteca, un grupo de personas bloque\u00f3 a la altura del kil\u00f3metro 21 de la carretera local 15, en el tramo Huajuapan de Le\u00f3n-Santiago Juxtlahuaca, jurisdicci\u00f3n de San Marcos Arteaga, por un conflicto interno y en demanda del cese de la autoridad municipal.<\/p>\n","protected":false},"excerpt":{"rendered":"<p>Raymundo Morales\/Zona Roja. Oaxaca, Oax., a 11 de agosto de 2025.- Al menos una decena&hellip;<\/p>\n","protected":false},"author":2,"featured_media":83420,"comment_status":"closed","ping_status":"open","sticky":false,"template":"","format":"standard","meta":{"_lmt_disableupdate":"","_lmt_disable":"","_jetpack_memberships_contains_paid_content":false,"footnotes":""},"categories":[109,47],"tags":[2264],"class_list":["post-83419","post","type-post","status-publish","format-standard","has-post-thumbnail","hentry","category-minuto-a-minuto","category-zona-gris","tag-bloqueos-y-protestas-oaxaca"],"jetpack_featured_media_url":"https:\/\/zonaroja.com.mx\/wp-content\/uploads\/2025\/08\/Protestas-y-bloqueos-ciudad-de-Oaxaca.jpg","jetpack_sharing_enabled":true,"_links":{"self":[{"href":"https:\/\/zonaroja.com.mx\/index.php?rest_route=\/wp\/v2\/posts\/83419","targetHints":{"allow":["GET"]}}],"collection":[{"href":"https:\/\/zonaroja.com.mx\/index.php?rest_route=\/wp\/v2\/posts"}],"about":[{"href":"https:\/\/zonaroja.com.mx\/index.php?rest_route=\/wp\/v2\/types\/post"}],"author":[{"embeddable":true,"href":"https:\/\/zonaroja.com.mx\/index.php?rest_route=\/wp\/v2\/users\/2"}],"replies":[{"embeddable":true,"href":"https:\/\/zonaroja.com.mx\/index.php?rest_route=%2Fwp%2Fv2%2Fcomments&post=83419"}],"version-history":[{"count":1,"href":"https:\/\/zonaroja.com.mx\/index.php?rest_route=\/wp\/v2\/posts\/83419\/revisions"}],"predecessor-version":[{"id":83421,"href":"https:\/\/zonaroja.com.mx\/index.php?rest_route=\/wp\/v2\/posts\/83419\/revisions\/83421"}],"wp:featuredmedia":[{"embeddable":true,"href":"https:\/\/zonaroja.com.mx\/index.php?rest_route=\/wp\/v2\/media\/83420"}],"wp:attachment":[{"href":"https:\/\/zonaroja.com.mx\/index.php?rest_route=%2Fwp%2Fv2%2Fmedia&parent=83419"}],"wp:term":[{"taxonomy":"category","embeddable":true,"href":"https:\/\/zonaroja.com.mx\/index.php?rest_route=%2Fwp%2Fv2%2Fcategories&post=83419"},{"taxonomy":"post_tag","embeddable":true,"href":"https:\/\/zonaroja.com.mx\/index.php?rest_route=%2Fwp%2Fv2%2Ftags&post=83419"}],"curies":[{"name":"wp","href":"https:\/\/api.w.org\/{rel}","templated":true}]}}