{"id":83422,"date":"2025-08-11T22:19:20","date_gmt":"2025-08-12T04:19:20","guid":{"rendered":"https:\/\/zonaroja.com.mx\/?p=83422"},"modified":"2025-08-11T22:19:22","modified_gmt":"2025-08-12T04:19:22","slug":"proponen-reforma-para-garantizar-el-acceso-equitativo-a-la-informacion-publica","status":"publish","type":"post","link":"https:\/\/zonaroja.com.mx\/?p=83422","title":{"rendered":"Proponen reforma para garantizar el acceso equitativo a la informaci\u00f3n p\u00fablica"},"content":{"rendered":"\n<p>Redacci\u00f3n\/Zona Roja.<\/p>\n\n\n\n<p>Oaxaca, Oax., a 11 de agosto de 2025.- El presidente de la Junta de Coordinaci\u00f3n Pol\u00edtica (Jucopo) del Congreso de Oaxaca, diputado Benjam\u00edn Viveros Montalvo, present\u00f3 al parlamento el proyecto de decreto por el que se adicionan y reforman diversos art\u00edculos de la Constituci\u00f3n Pol\u00edtica de Oaxaca y otras leyes estatales en materia de acceso a la informaci\u00f3n p\u00fablica, principalmente con enfoque interseccional, intercultural, transversal, diferencial y de derechos humanos.<\/p>\n\n\n\n<p>Esta acci\u00f3n permitir\u00e1 beneficiar a todas y todos los sectores de la poblaci\u00f3n, pero principalmente la iniciativa busca saldar una deuda hist\u00f3rica con las comunidades ind\u00edgenas y el pueblo afromexicano, las ni\u00f1as, ni\u00f1os, adolescentes, juventudes, personas adultas mayores y personas con discapacidad, mediante el reconocimiento expreso y la garant\u00eda pr\u00e1ctica de su derecho a acceder a leyes, reglamentos, programas y servicios p\u00fablicos en su propia lengua, sin discriminaci\u00f3n, en igualdad de circunstancias, en formatos abiertos y accesibles.<\/p>\n\n\n\n<p>Destac\u00f3, que son quienes se encuentran en posiciones subordinadas o vulnerables y han sido excluidos por su edad, lengua, origen \u00e9tnico, condici\u00f3n f\u00edsica, g\u00e9nero, nivel socioecon\u00f3mico o educativo.<\/p>\n\n\n\n<p>De ah\u00ed que, ser\u00e1 obligaci\u00f3n del Estado efectuar los ajustes razonables que resulten necesarios para reducir las asimetr\u00edas que existen en el acceso a la informaci\u00f3n, ya que el ejercicio de este derecho no ha sido igual para todas las personas, debido a la existencia de barreras estructurales, sociales, ling\u00fc\u00edsticas y culturales, que no solo lo limitan, sino nulifican.&nbsp;<\/p>\n\n\n\n<p>Viveros Montalvo precis\u00f3 en su Iniciativa de Ley que la difusi\u00f3n y conocimiento de las leyes, decretos, programas, reglamentos, subsidios, obras y servicios en formatos accesibles y gratuitos para el p\u00fablico objetivo (ya sea escritos, impresos o digital, audio o formato audiovisual y en lenguas ind\u00edgenas) permitir\u00e1 a las y los ciudadanos participar de manera informada en la toma de decisiones y en la evaluaci\u00f3n de la efectividad de los mismos, tambi\u00e9n exige transparencia y rendici\u00f3n de cuentas al funcionariado p\u00fablico y las instituciones responsables de su ejecuci\u00f3n.<\/p>\n\n\n\n<p>\u201cEl acceso a este tipo de informaci\u00f3n no solo ayuda a prevenir la arbitrariedad y la discriminaci\u00f3n en el actuar de las y los funcionarios p\u00fablicos, tambi\u00e9n fomenta la confianza ciudadana\u201d, sostuvo.<\/p>\n\n\n\n<p>En este sentido destac\u00f3 que su propuesta toma el concepto de \u201cTransparencia de Segunda Generaci\u00f3n o Transparencia Focalizada\u201d, entendida como la divulgaci\u00f3n proactiva de informaci\u00f3n dirigida a audiencias espec\u00edficas, por parte de entidades p\u00fablicas o privadas con base en sus necesidades, contextos y caracter\u00edsticas.<\/p>\n\n\n\n<p>De esta forma, consider\u00f3 que es verdaderamente \u00fatil cuando es comprensible, relevante, accesible y disponible para quienes hist\u00f3ricamente han enfrentado obst\u00e1culos estructurales para ejercer sus derechos.<\/p>\n\n\n\n<p>El marco jur\u00eddico a reformar es la Ley de Transparencia, Acceso a la Informaci\u00f3n P\u00fablica y Buen Gobierno del Estado; Ley de Derechos de los Pueblos y Comunidades Ind\u00edgenas y Afromexicano del Estado de Oaxaca; Ley de los Derechos de Ni\u00f1as, Ni\u00f1os y Adolescentes para el Estado de Oaxaca; Ley de las Personas J\u00f3venes del Estado de Oaxaca; Ley para la Protecci\u00f3n de los Derechos de las Personas Adultas Mayores en el Estado de Oaxaca y Ley de los Derechos de las Personas con Discapacidad en el Estado de Oaxaca.<\/p>\n","protected":false},"excerpt":{"rendered":"<p>Redacci\u00f3n\/Zona Roja. Oaxaca, Oax., a 11 de agosto de 2025.- El presidente de la Junta&hellip;<\/p>\n","protected":false},"author":2,"featured_media":83423,"comment_status":"closed","ping_status":"open","sticky":false,"template":"","format":"standard","meta":{"_lmt_disableupdate":"","_lmt_disable":"","_jetpack_memberships_contains_paid_content":false,"footnotes":""},"categories":[109,46],"tags":[3664,303],"class_list":["post-83422","post","type-post","status-publish","format-standard","has-post-thumbnail","hentry","category-minuto-a-minuto","category-zona-blanca","tag-benjamin-viveros-montalvo","tag-congreso-del-estado-de-oaxaca"],"jetpack_featured_media_url":"https:\/\/zonaroja.com.mx\/wp-content\/uploads\/2025\/08\/Dip-Benjamin-Viveros-Montalvo_2.jpg","jetpack_sharing_enabled":true,"_links":{"self":[{"href":"https:\/\/zonaroja.com.mx\/index.php?rest_route=\/wp\/v2\/posts\/83422","targetHints":{"allow":["GET"]}}],"collection":[{"href":"https:\/\/zonaroja.com.mx\/index.php?rest_route=\/wp\/v2\/posts"}],"about":[{"href":"https:\/\/zonaroja.com.mx\/index.php?rest_route=\/wp\/v2\/types\/post"}],"author":[{"embeddable":true,"href":"https:\/\/zonaroja.com.mx\/index.php?rest_route=\/wp\/v2\/users\/2"}],"replies":[{"embeddable":true,"href":"https:\/\/zonaroja.com.mx\/index.php?rest_route=%2Fwp%2Fv2%2Fcomments&post=83422"}],"version-history":[{"count":1,"href":"https:\/\/zonaroja.com.mx\/index.php?rest_route=\/wp\/v2\/posts\/83422\/revisions"}],"predecessor-version":[{"id":83424,"href":"https:\/\/zonaroja.com.mx\/index.php?rest_route=\/wp\/v2\/posts\/83422\/revisions\/83424"}],"wp:featuredmedia":[{"embeddable":true,"href":"https:\/\/zonaroja.com.mx\/index.php?rest_route=\/wp\/v2\/media\/83423"}],"wp:attachment":[{"href":"https:\/\/zonaroja.com.mx\/index.php?rest_route=%2Fwp%2Fv2%2Fmedia&parent=83422"}],"wp:term":[{"taxonomy":"category","embeddable":true,"href":"https:\/\/zonaroja.com.mx\/index.php?rest_route=%2Fwp%2Fv2%2Fcategories&post=83422"},{"taxonomy":"post_tag","embeddable":true,"href":"https:\/\/zonaroja.com.mx\/index.php?rest_route=%2Fwp%2Fv2%2Ftags&post=83422"}],"curies":[{"name":"wp","href":"https:\/\/api.w.org\/{rel}","templated":true}]}}