{"id":83425,"date":"2025-08-12T07:16:00","date_gmt":"2025-08-12T13:16:00","guid":{"rendered":"https:\/\/zonaroja.com.mx\/?p=83425"},"modified":"2025-08-12T06:21:34","modified_gmt":"2025-08-12T12:21:34","slug":"fiscalia-desmiente-a-gobernadora-de-veracruz-maestra-murio-por-tortura","status":"publish","type":"post","link":"https:\/\/zonaroja.com.mx\/?p=83425","title":{"rendered":"Fiscal\u00eda desmiente a gobernadora de Veracruz: maestra muri\u00f3 por tortura"},"content":{"rendered":"\n<p>Redacci\u00f3n\/Zona Roja Cdmx.<\/p>\n\n\n\n<p>Ciudad de M\u00e9xico, a 12 de agosto de 2025.- La Fiscal\u00eda General del Estado de Veracruz afirm\u00f3 este lunes que la muerte de la maestra jubilada Irma Hern\u00e1ndez Cruz, de 62 a\u00f1os, fue consecuencia directa de \u201cagresi\u00f3n, tortura y violencia ejercida durante su cautiverio\u201d, y no de un infarto como hab\u00eda sostenido la gobernadora Roc\u00edo Nahle Garc\u00eda.<\/p>\n\n\n\n<p>La fiscal Ver\u00f3nica Hern\u00e1ndez Giadans detall\u00f3 que cuatro personas \u2014Octavio \u201cN\u201d, Jeana Paola \u201cN\u201d, V\u00edctor Manuel \u201cN\u201d y Jos\u00e9 Eduardo \u201cN\u201d\u2014 permanecen en prisi\u00f3n preventiva oficiosa, inicialmente por delitos contra las instituciones y contra la salud, y posteriormente imputadas por secuestro agravado.<br>La funcionaria se\u00f1al\u00f3 que contin\u00faan las investigaciones para identificar a otros involucrados.<\/p>\n\n\n\n<p>El caso conmocion\u00f3 al pa\u00eds tras difundirse un video viral en el que la maestra, arrodillada y rodeada por una decena de hombres armados, lanza un mensaje a otros taxistas para que paguen las cuotas de extorsi\u00f3n exigidas por la delincuencia organizada:<\/p>\n\n\n\n<p>\u201cCon la mafia veracruzana no se juega, paguen su cuota (\u2026) o van a terminar como yo\u201d.<\/p>\n\n\n\n<p>Hern\u00e1ndez Cruz, quien conduc\u00eda un taxi para complementar su pensi\u00f3n, habr\u00eda sido secuestrada tras negarse a pagar \u201ccobro de piso\u201d en el municipio de \u00c1lamo Temapache. Su cuerpo fue hallado seis d\u00edas despu\u00e9s, el 24 de julio, en un rancho de la regi\u00f3n.<\/p>\n\n\n\n<p>LA CONTRADICCI\u00d3N<\/p>\n\n\n\n<p>Antes de la declaraci\u00f3n de la fiscal\u00eda, la gobernadora Nahle asegur\u00f3 que la maestra \u201csufri\u00f3 un infarto\u201d como consecuencia de las agresiones, versi\u00f3n respaldada por el m\u00e9dico responsable de la autopsia, Jos\u00e9 Eduardo M\u00e1rquez.<br>Cuestionada sobre esta discrepancia, Hern\u00e1ndez Giadans subray\u00f3 que el dictamen forense \u201ccumple con todos los requisitos de ley\u201d y reiter\u00f3 que la causa de muerte se deriv\u00f3 de actos de tortura.<\/p>\n\n\n\n<p>De acuerdo con el Secretariado Ejecutivo del Sistema Nacional de Seguridad P\u00fablica, M\u00e9xico cerr\u00f3 2024 con 10 mil 804 v\u00edctimas de extorsi\u00f3n, mientras que en enero de 2025 el promedio diario fue de 29.77 casos, lo que representa un aumento del 57.6% en seis a\u00f1os.<\/p>\n\n\n\n<p>La magnitud del problema llev\u00f3 a la presidenta Claudia Sheinbaum a enviar el 10 de julio una reforma constitucional al Congreso para combatir este delito, con el objetivo de homologar las penas y sanciones en todo el pa\u00eds.<\/p>\n\n\n\n<p>(Informaci\u00f3n de \u201cLiteral M\u00e9xico\u201d)<\/p>\n","protected":false},"excerpt":{"rendered":"<p>Redacci\u00f3n\/Zona Roja Cdmx. Ciudad de M\u00e9xico, a 12 de agosto de 2025.- La Fiscal\u00eda General&hellip;<\/p>\n","protected":false},"author":2,"featured_media":83426,"comment_status":"closed","ping_status":"open","sticky":false,"template":"","format":"standard","meta":{"_lmt_disableupdate":"","_lmt_disable":"","_jetpack_memberships_contains_paid_content":false,"footnotes":""},"categories":[109,47],"tags":[4373,4401],"class_list":["post-83425","post","type-post","status-publish","format-standard","has-post-thumbnail","hentry","category-minuto-a-minuto","category-zona-gris","tag-irma-hernandez-cruz","tag-rocio-nahle-garcia"],"jetpack_featured_media_url":"https:\/\/zonaroja.com.mx\/wp-content\/uploads\/2025\/08\/Maestra-Irma-Veracruz-Fiscalia-gobernadora-Rocio-Nhale.jpg.webp","jetpack_sharing_enabled":true,"_links":{"self":[{"href":"https:\/\/zonaroja.com.mx\/index.php?rest_route=\/wp\/v2\/posts\/83425","targetHints":{"allow":["GET"]}}],"collection":[{"href":"https:\/\/zonaroja.com.mx\/index.php?rest_route=\/wp\/v2\/posts"}],"about":[{"href":"https:\/\/zonaroja.com.mx\/index.php?rest_route=\/wp\/v2\/types\/post"}],"author":[{"embeddable":true,"href":"https:\/\/zonaroja.com.mx\/index.php?rest_route=\/wp\/v2\/users\/2"}],"replies":[{"embeddable":true,"href":"https:\/\/zonaroja.com.mx\/index.php?rest_route=%2Fwp%2Fv2%2Fcomments&post=83425"}],"version-history":[{"count":1,"href":"https:\/\/zonaroja.com.mx\/index.php?rest_route=\/wp\/v2\/posts\/83425\/revisions"}],"predecessor-version":[{"id":83427,"href":"https:\/\/zonaroja.com.mx\/index.php?rest_route=\/wp\/v2\/posts\/83425\/revisions\/83427"}],"wp:featuredmedia":[{"embeddable":true,"href":"https:\/\/zonaroja.com.mx\/index.php?rest_route=\/wp\/v2\/media\/83426"}],"wp:attachment":[{"href":"https:\/\/zonaroja.com.mx\/index.php?rest_route=%2Fwp%2Fv2%2Fmedia&parent=83425"}],"wp:term":[{"taxonomy":"category","embeddable":true,"href":"https:\/\/zonaroja.com.mx\/index.php?rest_route=%2Fwp%2Fv2%2Fcategories&post=83425"},{"taxonomy":"post_tag","embeddable":true,"href":"https:\/\/zonaroja.com.mx\/index.php?rest_route=%2Fwp%2Fv2%2Ftags&post=83425"}],"curies":[{"name":"wp","href":"https:\/\/api.w.org\/{rel}","templated":true}]}}